{"id":27630,"date":"2021-05-24T13:10:05","date_gmt":"2021-05-24T18:10:05","guid":{"rendered":"https:\/\/www.zonaroja.com.mx\/?p=27630"},"modified":"2021-05-24T13:26:47","modified_gmt":"2021-05-24T18:26:47","slug":"sin-efecto-designacion-de-magistrados-realizada-por-el-gobernador-de-oaxaca","status":"publish","type":"post","link":"https:\/\/zonaroja.com.mx\/?p=27630","title":{"rendered":"Sin efecto, designaci\u00f3n de magistrados realizada por el gobernador de Oaxaca"},"content":{"rendered":"\n<p class=\"MsoNormal\">Evlin Arag\u00f3n\/Zona Roja. <\/p>\n\n\n\n<p class=\"MsoNormal\">Oaxaca de Ju\u00e1rez, Oax., 24 de mayo de 2021.- La pol\u00e9mica designaci\u00f3n de Mois\u00e9s Molina Reyes y Abraham Soriano Reyes como magistrados, realizada por el titular del Ejecutivo estatal, Alejandro Murat Hinojosa, ante el vencimiento de t\u00e9rmino de tiempo, por parte del Congreso del Estado, ha quedado provisionalmente sin efecto. <\/p>\n\n\n\n<p class=\"MsoNormal\">Lo anterior luego de que el Juzgado XI de Distrito admiti\u00f3 la demanda de amparo promovida, el pasado 20 de mayo, por uno de los aspirantes a la magistratura de Oaxaca, tal y como se puede observar en la p\u00e1gina oficial del Consejo de la Judicatura Federal.&nbsp;&nbsp;<\/p>\n\n\n\n<p class=\"MsoNormal\">De acuerdo con lo expuesto, el acto reclamado es un amparo contra leyes, reglamentos o disposiciones de car\u00e1cter general; de manera espec\u00edfica el decreto 397 por el cual se reforman los art\u00edculos 101 y 102 de la Constituci\u00f3n Pol\u00edtica de los Estados Unidos Mexicanos, y otros.&nbsp;<\/p>\n\n\n\n<p class=\"MsoNormal\">Por lo anterior ha decretado la suspensi\u00f3n provisional de los actos reclamados, lo que tendr\u00eda como consecuencia directa que la designaci\u00f3n de Molina Reyes y Soriano Reyes, quede provisionalmente sin efecto.&nbsp;<\/p>\n\n\n\n<p class=\"MsoNormal\">De manera textual el documento emitido por el Juzgado XI de Distrito cita:&nbsp;<\/p>\n\n\n\n<p class=\"MsoNormal\">\u201cSuspensi\u00f3n en el Juicio de Amparo, procede concederla exclusivamente contra la etapa final del procedimiento para la designaci\u00f3n de un magistrado local, al satisfacerse los requisitos previstos en la Facci\u00f3n II del Art\u00edculo 128 de la Ley de Amparo\u201d.&nbsp;<\/p>\n\n\n\n<p class=\"MsoNormal\">As\u00ed mismo refiere que procede conceder la suspensi\u00f3n contra la etapa conclusiva de la designaci\u00f3n, la cual fue realizada por el mandatario estatal.&nbsp;&nbsp;<\/p>\n\n\n\n<p class=\"MsoNormal\">En consecuencia, valida que el Tribunal Superior de Justicia designe a dos personas con el perfil adecuado para que integren las Salas correspondientes, y no se vea afectado el acceso a la justicia de los ciudadanos.&nbsp;<\/p>\n\n\n\n<p class=\"MsoNormal\">\u201cSe designe en t\u00e9rminos del art\u00edculo 104 de la Constituci\u00f3n del Estado de Oaxaca, en relaci\u00f3n con el p\u00e1rrafo cuarto del numeral 20 de la Ley Org\u00e1nica del Poder Judicial del Estado de Oaxaca, a las personas que ocupen de manera provisional el cargo de Magistrados del Tribunal Superior de Justicia del Estado de Oaxaca\u201d.&nbsp;&nbsp;<\/p>\n\n\n\n<p class=\"MsoNormal\">La designaci\u00f3n de ambos personajes se vio envuelta en la pol\u00e9mica luego de que el gobernador de Oaxaca, Alejandro Murat Hinojosa asumiera la responsabilidad, tras la irresponsabilidad del Congreso del Estado, conformado en su mayor\u00eda por legisladoras y legisladores de Morena.<\/p>\n\n\n\n<p>Las y los integrantes de la Legislatura local no pudieron ponerse de acuerdo y no completaron el qu\u00f3rum para realizar la sesi\u00f3n extraordinaria en la que se aprobar\u00edan las candidaturas a magistrados; raz\u00f3n por la que, al vencer el plazo constitucional de 20 d\u00edas que ten\u00eda para resolver el procedimiento, el titular del Poder Ejecutivo hizo uso de sus facultades legales.&nbsp;<\/p>\n\n\n\n<p>Por su parte, integrantes del Colectivo de Organizaciones por la Alerta de G\u00e9nero pidieron&nbsp;al Poder Legislativo revisar \u201ca toda conciencia, profesionalismo y responsabilidad civil los curr\u00edculums, hojas de vida y antecedentes de desempe\u00f1o profesional de quienes integran la terna que env\u00eda el gobernador para nombrar a la magistrada o magistrado del Tribunal Superior de Justicia\u201d.&nbsp;<\/p>\n\n\n\n<p>De manera particular pidieron no aprobar la candidatura de Mois\u00e9s Molina Reyes, quien tiene una denuncia por un caso de violaci\u00f3n sexual.  <\/p>\n","protected":false},"excerpt":{"rendered":"<p>Evlin Arag\u00f3n\/Zona Roja. Oaxaca de Ju\u00e1rez, Oax., 24 de mayo de 2021.- La pol\u00e9mica designaci\u00f3n&hellip;<\/p>\n","protected":false},"author":2,"featured_media":14473,"comment_status":"closed","ping_status":"open","sticky":false,"template":"","format":"standard","meta":{"_lmt_disableupdate":"","_lmt_disable":"","_jetpack_memberships_contains_paid_content":false,"footnotes":""},"categories":[109,47],"tags":[],"class_list":["post-27630","post","type-post","status-publish","format-standard","has-post-thumbnail","hentry","category-minuto-a-minuto","category-zona-gris"],"jetpack_featured_media_url":"https:\/\/zonaroja.com.mx\/wp-content\/uploads\/2020\/07\/JUICIO-ORAL-MERCANTIL-2.jpg","jetpack_sharing_enabled":true,"_links":{"self":[{"href":"https:\/\/zonaroja.com.mx\/index.php?rest_route=\/wp\/v2\/posts\/27630","targetHints":{"allow":["GET"]}}],"collection":[{"href":"https:\/\/zonaroja.com.mx\/index.php?rest_route=\/wp\/v2\/posts"}],"about":[{"href":"https:\/\/zonaroja.com.mx\/index.php?rest_route=\/wp\/v2\/types\/post"}],"author":[{"embeddable":true,"href":"https:\/\/zonaroja.com.mx\/index.php?rest_route=\/wp\/v2\/users\/2"}],"replies":[{"embeddable":true,"href":"https:\/\/zonaroja.com.mx\/index.php?rest_route=%2Fwp%2Fv2%2Fcomments&post=27630"}],"version-history":[{"count":1,"href":"https:\/\/zonaroja.com.mx\/index.php?rest_route=\/wp\/v2\/posts\/27630\/revisions"}],"predecessor-version":[{"id":27631,"href":"https:\/\/zonaroja.com.mx\/index.php?rest_route=\/wp\/v2\/posts\/27630\/revisions\/27631"}],"wp:featuredmedia":[{"embeddable":true,"href":"https:\/\/zonaroja.com.mx\/index.php?rest_route=\/wp\/v2\/media\/14473"}],"wp:attachment":[{"href":"https:\/\/zonaroja.com.mx\/index.php?rest_route=%2Fwp%2Fv2%2Fmedia&parent=27630"}],"wp:term":[{"taxonomy":"category","embeddable":true,"href":"https:\/\/zonaroja.com.mx\/index.php?rest_route=%2Fwp%2Fv2%2Fcategories&post=27630"},{"taxonomy":"post_tag","embeddable":true,"href":"https:\/\/zonaroja.com.mx\/index.php?rest_route=%2Fwp%2Fv2%2Ftags&post=27630"}],"curies":[{"name":"wp","href":"https:\/\/api.w.org\/{rel}","templated":true}]}}