{"id":27633,"date":"2021-05-24T14:07:09","date_gmt":"2021-05-24T19:07:09","guid":{"rendered":"https:\/\/www.zonaroja.com.mx\/?p=27633"},"modified":"2021-05-24T14:30:31","modified_gmt":"2021-05-24T19:30:31","slug":"un-debate-no-te-hace-ganar-asegura-villacana-jimenez-al-defender-propuestas","status":"publish","type":"post","link":"https:\/\/zonaroja.com.mx\/?p=27633","title":{"rendered":"\u201cUn debate no te hace ganar\u201d, asegura Villaca\u00f1a Jim\u00e9nez, al defender propuestas"},"content":{"rendered":"\n<p class=\"MsoNormal\">Yuridiana Sosa\/Zona Roja. <\/p>\n\n\n\n<p class=\"MsoNormal\">Oaxaca de Ju\u00e1rez, Oax., 24 de mayo de 2021.- El candidato a la presidencia municipal de Oaxaca de Ju\u00e1rez, de \u201cVa por Oaxaca\u201d, Javier Villaca\u00f1a Jim\u00e9nez, explic\u00f3 su ausencia en el debate entre candidatos a edil, cargo para el cual sigue trabajando en propuestas s\u00f3lidas y reuniones, que le impidieron estar presente anoche. <\/p>\n\n\n\n<p class=\"MsoNormal\">\u201cUn debate no te hace ganar\u201d, expres\u00f3 el aspirante en conferencia de prensa&nbsp;<a href=\"\/\/1\">este&nbsp;<\/a>lunes, para&nbsp;aclarar especulaciones sobre su inasistencia, pero, adem\u00e1s, dijo que en este encuentro existi\u00f3 sesgo hacia uno de los candidatos.<\/p>\n\n\n\n<p class=\"MsoNormal\">Al debate realizado este domingo, organizado por la Benem\u00e9rita Universidad de Oaxaca y el Instituto Estatal Electoral y de Participaci\u00f3n Ciudadana de Oaxaca (IEEPCO), tampoco asisti\u00f3 la candidata por el Partido del Trabajo y Verde Ecologista de M\u00e9xico, Hilda P\u00e9rez.<\/p>\n\n\n\n<p class=\"MsoNormal\">Villaca\u00f1a Jim\u00e9nez detall\u00f3 que no se trat\u00f3 de un desaire, sino de un compromiso programado con el equipo de promoci\u00f3n del voto de agencias y colonias, lo cual es de suma importancia para la pr\u00f3xima jornada. La cita fue a las 19.00 horas, misma que para el debate.<\/p>\n\n\n\n<p class=\"MsoNormal\">Para el candidato, las mejores encuestas sobre las preferencias de la ciudadan\u00eda se miden desde la calle, como lo ha realizado y desde donde ha realizado sus propuestas, s\u00f3lidas, b\u00e1sicas y reales, por lo que no son de \u201cescritorio\u201d.<\/p>\n\n\n\n<p><div class=\"twitter-tweet\"><blockquote class=\"twitter-tweet\" data-lang=\"es\"><p lang=\"es\" dir=\"ltr\"><a href=\"https:\/\/twitter.com\/hashtag\/ENVIVO?src=hash&amp;ref_src=twsrc%5Etfw\">#ENVIVO<\/a><br>Oaxaca de Ju\u00e1rez, Oax., 24 de mayo de 2021.- Conferencia de prensa de <a href=\"https:\/\/twitter.com\/JavierVillacana?ref_src=twsrc%5Etfw\">@JavierVillacana<\/a>, candidato a presidente municipal de Oaxaca de Ju\u00e1rez, por la alianza \u201cVa por Oaxaca\u201d.<br><br>Siga aqu\u00ed la transmisi\u00f3n \ud83d\udc47<a href=\"https:\/\/t.co\/TehOr2Bg0k\">https:\/\/t.co\/TehOr2Bg0k<\/a> <a href=\"https:\/\/t.co\/lm6Nb0DVZ7\">pic.twitter.com\/lm6Nb0DVZ7<\/a><\/p>&mdash; Zona Roja Oaxaca (@Zona_Roja_Oax) <a href=\"https:\/\/twitter.com\/Zona_Roja_Oax\/status\/1396830560337547264?ref_src=twsrc%5Etfw\">24 de mayo de 2021<\/a><\/blockquote><\/div><\/p>\n\n\n\n<p class=\"MsoNormal\">\u201cNo les va alcanzar la guerra sucia para ganar, van por abajo, ni ellos se la creen\u2026a pesar de la guerra sucia, vamos a ganar\u201d, afirm\u00f3 al defender su trabajo de campa\u00f1a con m\u00e1s de una decena de actividades por d\u00eda, pero por el cual ha recibido ataques de su adversario de Morena, Francisco Mart\u00ednez Neri.<\/p>\n\n\n\n<p class=\"MsoNormal\">\u201cDice (Neri) que para tener la lengua larga hay que tener la cola corta. C\u00f3mo puede hablar de temas de mujer alguien que dej\u00f3 a su esposa, que vive con otra persona, y tiene una hija fuera del matrimonio, escondida\u201d, se\u00f1al\u00f3.<\/p>\n\n\n\n<p class=\"MsoNormal\">Pero, adem\u00e1s, dijo que en el \u00e1mbito del proceso electoral, Mart\u00ednez Neri tiene en su planilla a cinco integrantes del actual gobierno capitalino, el cual podr\u00eda dejar una deuda de 400 millones de pesos a pesar que no hay obra p\u00fablica, de acuerdo con informaci\u00f3n que obtuvo de integrantes al interior del cabildo.<\/p>\n\n\n\n<p class=\"MsoNormal\">En la conferencia de prensa agreg\u00f3 que parte de la relaci\u00f3n que hay entre el gobierno actual que encabeza Oswaldo Garc\u00eda y el que pretende encabezar Mart\u00ednez Neri es que el ayuntamiento le ha negado los espacios p\u00fablicos para los cierres de campa\u00f1a, mientras que el candidato de Morena s\u00ed puede hacer uso de esos lugares.<\/p>\n","protected":false},"excerpt":{"rendered":"<p>Yuridiana Sosa\/Zona Roja. Oaxaca de Ju\u00e1rez, Oax., 24 de mayo de 2021.- El candidato a&hellip;<\/p>\n","protected":false},"author":2,"featured_media":27632,"comment_status":"closed","ping_status":"open","sticky":false,"template":"","format":"standard","meta":{"_lmt_disableupdate":"","_lmt_disable":"","_jetpack_memberships_contains_paid_content":false,"footnotes":""},"categories":[109,46],"tags":[2456],"class_list":["post-27633","post","type-post","status-publish","format-standard","has-post-thumbnail","hentry","category-minuto-a-minuto","category-zona-blanca","tag-javier-villacana-jimenez"],"jetpack_featured_media_url":"https:\/\/zonaroja.com.mx\/wp-content\/uploads\/2021\/05\/a5222ca7-7607-4cb5-ac3c-aaa5e7a929dd.jpg","jetpack_sharing_enabled":true,"_links":{"self":[{"href":"https:\/\/zonaroja.com.mx\/index.php?rest_route=\/wp\/v2\/posts\/27633","targetHints":{"allow":["GET"]}}],"collection":[{"href":"https:\/\/zonaroja.com.mx\/index.php?rest_route=\/wp\/v2\/posts"}],"about":[{"href":"https:\/\/zonaroja.com.mx\/index.php?rest_route=\/wp\/v2\/types\/post"}],"author":[{"embeddable":true,"href":"https:\/\/zonaroja.com.mx\/index.php?rest_route=\/wp\/v2\/users\/2"}],"replies":[{"embeddable":true,"href":"https:\/\/zonaroja.com.mx\/index.php?rest_route=%2Fwp%2Fv2%2Fcomments&post=27633"}],"version-history":[{"count":2,"href":"https:\/\/zonaroja.com.mx\/index.php?rest_route=\/wp\/v2\/posts\/27633\/revisions"}],"predecessor-version":[{"id":27635,"href":"https:\/\/zonaroja.com.mx\/index.php?rest_route=\/wp\/v2\/posts\/27633\/revisions\/27635"}],"wp:featuredmedia":[{"embeddable":true,"href":"https:\/\/zonaroja.com.mx\/index.php?rest_route=\/wp\/v2\/media\/27632"}],"wp:attachment":[{"href":"https:\/\/zonaroja.com.mx\/index.php?rest_route=%2Fwp%2Fv2%2Fmedia&parent=27633"}],"wp:term":[{"taxonomy":"category","embeddable":true,"href":"https:\/\/zonaroja.com.mx\/index.php?rest_route=%2Fwp%2Fv2%2Fcategories&post=27633"},{"taxonomy":"post_tag","embeddable":true,"href":"https:\/\/zonaroja.com.mx\/index.php?rest_route=%2Fwp%2Fv2%2Ftags&post=27633"}],"curies":[{"name":"wp","href":"https:\/\/api.w.org\/{rel}","templated":true}]}}