{"id":27637,"date":"2021-05-24T15:02:40","date_gmt":"2021-05-24T20:02:40","guid":{"rendered":"https:\/\/www.zonaroja.com.mx\/?p=27637"},"modified":"2021-05-24T15:02:42","modified_gmt":"2021-05-24T20:02:42","slug":"cumple-24-horas-retenida-edil-candidata-de-morena-en-tehuantepec","status":"publish","type":"post","link":"https:\/\/zonaroja.com.mx\/?p=27637","title":{"rendered":"Cumple 24 horas retenida edil-candidata de Morena en Tehuantepec"},"content":{"rendered":"\n<p class=\"MsoNormal\">Yuridiana Sosa\/Zona Roja.&nbsp;<\/p>\n\n\n\n<p class=\"MsoNormal\">Oaxaca de Ju\u00e1rez, Oax., 24 de mayo de 2021.- Las inconformidades contra la gesti\u00f3n de Vilma Mart\u00ednez Cort\u00e9s como presidenta de Santo Domingo Tehuantepec, por el partido Morena, derivaron en su retenci\u00f3n en la comunidad de San Jos\u00e9 El Para\u00edso este domingo, cuando a acudi\u00f3 a realizar actividades proselitistas en busca de la reelecci\u00f3n.<\/p>\n\n\n\n<p class=\"MsoNormal\">La edil con licencia fue retenida cerca <a href=\"\/\/3\">de las 16:20<\/a> horas de ayer en dicha comunidad istme\u00f1a junto a 28 personas m\u00e1s que la acompa\u00f1aban, pero al paso de 24 horas la candidata segu\u00eda en poder de la comunidad.<\/p>\n\n\n\n<p class=\"MsoNormal\">De acuerdo con informaci\u00f3n de la Secretar\u00eda General de Gobierno, Vilma Mart\u00ednez Cortes no corre riesgo, sin embargo, la liberaci\u00f3n depende de los acuerdos que tomen los habitantes, pues est\u00e1n molestos por la desatenci\u00f3n que ha tenido la presidenta con licencia con las comunidades.<\/p>\n\n\n\n<p class=\"MsoNormal\">En el encuentro de ayer, los pobladores manifestaron su inconformidad por la falta de obras en su gobierno, as\u00ed como incumplimiento en la entrega de recursos del Ramo 28.<\/p>\n\n\n\n<p class=\"MsoNormal\">Pero esta no es la primera ocasi\u00f3n que Vilma Mart\u00ednez recibe queja de sus gobernados en Santo Domingo Tehuantepec. <\/p>\n\n\n\n<p class=\"MsoNormal\">A inicios de este mes, habitantes de una colonia de este municipio tambi\u00e9n se manifestaron por la falta de obras prometidas en su campa\u00f1a electoral pasada.<\/p>\n\n\n\n<p class=\"MsoNormal\">OTROS EVENTOS DESAFORTUNADOS&nbsp;<\/p>\n\n\n\n<p class=\"MsoNormal\">En febrero de este a\u00f1o, el municipio de Santo Domingo Tehuantepec protagoniz\u00f3 la detenci\u00f3n de una veintena de presuntos delincuentes por parte de la misma comunidad, la cual reclam\u00f3 la falta de trabajo de la autoridad municipal para brindar seguridad.<\/p>\n\n\n\n<p class=\"MsoNormal\">En ese entonces, la presidenta municipal&nbsp;Vilma&nbsp;Mart\u00ednez Cort\u00e9s, se\u00f1al\u00f3 la falta de justicia para este municipio por parte de la Fiscal\u00eda General del Estado.<\/p>\n\n\n\n<p class=\"MsoNormal\">\u201cMe uno a la voz de mi pueblo, para la impartici\u00f3n de justicia. En muchas ocasiones los vecinos y la Polic\u00eda Municipal, hemos puesto a disposici\u00f3n de la Fiscal\u00eda \u2013delincuentes- pero, lamentablemente no han hecho su chamba\u201d, declar\u00f3 en aquella ocasi\u00f3n en una transmisi\u00f3n.<\/p>\n","protected":false},"excerpt":{"rendered":"<p>Yuridiana Sosa\/Zona Roja.&nbsp; Oaxaca de Ju\u00e1rez, Oax., 24 de mayo de 2021.- Las inconformidades contra&hellip;<\/p>\n","protected":false},"author":2,"featured_media":27636,"comment_status":"closed","ping_status":"open","sticky":false,"template":"","format":"standard","meta":{"_lmt_disableupdate":"","_lmt_disable":"","_jetpack_memberships_contains_paid_content":false,"footnotes":""},"categories":[109,47],"tags":[],"class_list":["post-27637","post","type-post","status-publish","format-standard","has-post-thumbnail","hentry","category-minuto-a-minuto","category-zona-gris"],"jetpack_featured_media_url":"https:\/\/zonaroja.com.mx\/wp-content\/uploads\/2021\/05\/f66b10f5-64f2-4507-8c80-f85b037e7728.jpg","jetpack_sharing_enabled":true,"_links":{"self":[{"href":"https:\/\/zonaroja.com.mx\/index.php?rest_route=\/wp\/v2\/posts\/27637","targetHints":{"allow":["GET"]}}],"collection":[{"href":"https:\/\/zonaroja.com.mx\/index.php?rest_route=\/wp\/v2\/posts"}],"about":[{"href":"https:\/\/zonaroja.com.mx\/index.php?rest_route=\/wp\/v2\/types\/post"}],"author":[{"embeddable":true,"href":"https:\/\/zonaroja.com.mx\/index.php?rest_route=\/wp\/v2\/users\/2"}],"replies":[{"embeddable":true,"href":"https:\/\/zonaroja.com.mx\/index.php?rest_route=%2Fwp%2Fv2%2Fcomments&post=27637"}],"version-history":[{"count":1,"href":"https:\/\/zonaroja.com.mx\/index.php?rest_route=\/wp\/v2\/posts\/27637\/revisions"}],"predecessor-version":[{"id":27638,"href":"https:\/\/zonaroja.com.mx\/index.php?rest_route=\/wp\/v2\/posts\/27637\/revisions\/27638"}],"wp:featuredmedia":[{"embeddable":true,"href":"https:\/\/zonaroja.com.mx\/index.php?rest_route=\/wp\/v2\/media\/27636"}],"wp:attachment":[{"href":"https:\/\/zonaroja.com.mx\/index.php?rest_route=%2Fwp%2Fv2%2Fmedia&parent=27637"}],"wp:term":[{"taxonomy":"category","embeddable":true,"href":"https:\/\/zonaroja.com.mx\/index.php?rest_route=%2Fwp%2Fv2%2Fcategories&post=27637"},{"taxonomy":"post_tag","embeddable":true,"href":"https:\/\/zonaroja.com.mx\/index.php?rest_route=%2Fwp%2Fv2%2Ftags&post=27637"}],"curies":[{"name":"wp","href":"https:\/\/api.w.org\/{rel}","templated":true}]}}