{"id":27642,"date":"2021-05-24T18:34:43","date_gmt":"2021-05-24T23:34:43","guid":{"rendered":"http:\/\/www.zonaroja.com.mx\/?p=27642"},"modified":"2021-05-24T18:34:52","modified_gmt":"2021-05-24T23:34:52","slug":"cuestionan-falta-de-apoyo-de-la-titular-de-gobernacion-en-caso-maria-del-sol","status":"publish","type":"post","link":"https:\/\/zonaroja.com.mx\/?p=27642","title":{"rendered":"Cuestionan falta de apoyo de la titular de Gobernaci\u00f3n en caso Mar\u00eda del Sol"},"content":{"rendered":"\n<p>Evlin Arag\u00f3n\/Zona Roja.<\/p>\n\n\n\n<p>Oaxaca de Ju\u00e1rez, Oax., 24 de mayo de 2021.- A d\u00edas de que se cumplan tres a\u00f1os del asesinato de la fotorreportera Mar\u00eda del Sol Cruz Jarqu\u00edn, la madre de la joven, Soledad Jarqu\u00edn Edgar, reclam\u00f3 a la secretaria de Gobernaci\u00f3n, Olga S\u00e1nchez Cordero, el dejar de lado la atenci\u00f3n directa del caso, tal y como le instruy\u00f3 el Presidente Andr\u00e9s Manuel L\u00f3pez Obrador.&nbsp;<\/p>\n\n\n\n<p>La periodista oaxaque\u00f1a aprovech\u00f3 sus redes sociales para evidenciar la falta de atenci\u00f3n por parte de la funcionaria, quien presum\u00eda su visita a Oaxaca como toda una turista, degustando de la gastronom\u00eda que distingue a la entidad y olvidando sus responsabilidades.&nbsp;<\/p>\n\n\n\n<p>\u201cLe recuerdo a la titular de #Segob que no ha respondido al encargo que le hizo presidente #AMLO el 24 de noviembre. Delegar no es cumplir. Hay les encargo la #JusticiaParaSol\u201d, public\u00f3.&nbsp;<\/p>\n\n\n\n<p>Lo anterior adjuntado la imagen donde la secretaria de Gobernaci\u00f3n, acompa\u00f1a de la titular del Instituto Nacional de las Mujeres (Inmujeres) Nadine Gasman Zylbermann, promocionan Oaxaca.&nbsp;<\/p>\n\n\n\n<p>La actividad tur\u00edstica de las funcionarias fue durante criticado por otras feministas como Sara Lovera, quien cuestion\u00f3 la \u201cpoca verg\u00fcenza\u201d que tienen al mostrarse ajenas a la realidad que viven las mujeres en un pa\u00eds feminicida.&nbsp;<\/p>\n\n\n\n<p>Mientras que B\u00e1rbara Garc\u00eda Ch\u00e1vez lament\u00f3 la simulaci\u00f3n de las autoridades federales y locales, que en eventos p\u00fablicos se comprometen con dar atenci\u00f3n a las v\u00edctimas, pero en la realidad no cumplen&nbsp;<\/p>\n\n\n\n<p>\u201cEllas turisteando sin acordarse del compromiso incumplido. \u00bfAlgo que decir de lo que orden\u00f3 el Presidente? Pura simulaci\u00f3n\u201d, public\u00f3.<\/p>\n\n\n\n<p>Por su parte, la activista y feminista, Yesica S\u00e1nchez Maya, record\u00f3 la grave crisis que se vive en Oaxaca en torno a los feminicidios, mientras las funcionarias se la pasan dando palmadas de reconocimiento al gobernador Alejandro Murat Hinojosa.&nbsp;<\/p>\n\n\n\n<p>\u201cMuy lamentable su falta de seriedad y sensibilidad. Oaxaca est\u00e1 en grave crisis de violencia feminicida y feminicidios y se la pasan dando palmadas a Murat. De verg\u00fcenza\u201d.&nbsp;&nbsp;<\/p>\n\n\n\n<p>Fue el pasado 24 de noviembre que la propia secretaria de Gobernaci\u00f3n, Olga S\u00e1nchez Cordero, public\u00f3 en sus redes sociales que se hab\u00eda reunido con Soledad Jarqu\u00edn, luego de que \u00e9sta se presentar\u00e1 en la \u201cma\u00f1anera\u201d para evidenciar el nulo avance del caso.&nbsp;&nbsp;<\/p>\n\n\n\n<p>\u201cHoy atend\u00ed a Soledad Jarqu\u00edn, quien demanda avances en las investigaciones del presunto feminicidio en Oaxaca de su hija, la fotoperiodista Mar\u00eda del Sol Cruz Jarqu\u00edn. Cumpliendo la instrucci\u00f3n del presidente, la Segob acompa\u00f1ar\u00e1 este caso\u201d, tuite\u00f3.&nbsp;<\/p>\n\n\n\n<p>Mientras que feministas, defensoras de derechos humanos, activistas y organizaciones de la sociedad civil, acompa\u00f1an a la familia de Mar\u00eda del Sol en la exigencia de justicia, a casi tres a\u00f1os de su feminicidio, ocurrido el 2 de junio del 2018, en plena etapa electoral.<\/p>\n\n\n\n<p>Fue el pasado viernes en que la titular de Gobernaci\u00f3n, Olga S\u00e1nchez Cordero, estuvo en Oaxaca por varias horas, para presidir una reuni\u00f3n nacional de notarios.<\/p>\n","protected":false},"excerpt":{"rendered":"<p>Evlin Arag\u00f3n\/Zona Roja. Oaxaca de Ju\u00e1rez, Oax., 24 de mayo de 2021.- A d\u00edas de&hellip;<\/p>\n","protected":false},"author":2,"featured_media":7446,"comment_status":"closed","ping_status":"open","sticky":false,"template":"","format":"standard","meta":{"_lmt_disableupdate":"","_lmt_disable":"","_jetpack_memberships_contains_paid_content":false,"footnotes":""},"categories":[109,47],"tags":[1059],"class_list":["post-27642","post","type-post","status-publish","format-standard","has-post-thumbnail","hentry","category-minuto-a-minuto","category-zona-gris","tag-maria-del-sol-cruz-jarquin"],"jetpack_featured_media_url":"https:\/\/zonaroja.com.mx\/wp-content\/uploads\/2020\/01\/Mar\u00eda-del-Sol-Cruz-Jarqu\u00edn.jpg","jetpack_sharing_enabled":true,"_links":{"self":[{"href":"https:\/\/zonaroja.com.mx\/index.php?rest_route=\/wp\/v2\/posts\/27642","targetHints":{"allow":["GET"]}}],"collection":[{"href":"https:\/\/zonaroja.com.mx\/index.php?rest_route=\/wp\/v2\/posts"}],"about":[{"href":"https:\/\/zonaroja.com.mx\/index.php?rest_route=\/wp\/v2\/types\/post"}],"author":[{"embeddable":true,"href":"https:\/\/zonaroja.com.mx\/index.php?rest_route=\/wp\/v2\/users\/2"}],"replies":[{"embeddable":true,"href":"https:\/\/zonaroja.com.mx\/index.php?rest_route=%2Fwp%2Fv2%2Fcomments&post=27642"}],"version-history":[{"count":1,"href":"https:\/\/zonaroja.com.mx\/index.php?rest_route=\/wp\/v2\/posts\/27642\/revisions"}],"predecessor-version":[{"id":27643,"href":"https:\/\/zonaroja.com.mx\/index.php?rest_route=\/wp\/v2\/posts\/27642\/revisions\/27643"}],"wp:featuredmedia":[{"embeddable":true,"href":"https:\/\/zonaroja.com.mx\/index.php?rest_route=\/wp\/v2\/media\/7446"}],"wp:attachment":[{"href":"https:\/\/zonaroja.com.mx\/index.php?rest_route=%2Fwp%2Fv2%2Fmedia&parent=27642"}],"wp:term":[{"taxonomy":"category","embeddable":true,"href":"https:\/\/zonaroja.com.mx\/index.php?rest_route=%2Fwp%2Fv2%2Fcategories&post=27642"},{"taxonomy":"post_tag","embeddable":true,"href":"https:\/\/zonaroja.com.mx\/index.php?rest_route=%2Fwp%2Fv2%2Ftags&post=27642"}],"curies":[{"name":"wp","href":"https:\/\/api.w.org\/{rel}","templated":true}]}}