{"id":2765,"date":"2019-08-02T15:51:43","date_gmt":"2019-08-02T20:51:43","guid":{"rendered":"https:\/\/www.zonaroja.com.mx\/?p=2765"},"modified":"2019-08-02T17:13:02","modified_gmt":"2019-08-02T22:13:02","slug":"denuncian-victimas-acuerdo-de-impunidad-en-caso-nochixtlan","status":"publish","type":"post","link":"https:\/\/zonaroja.com.mx\/?p=2765","title":{"rendered":"Denuncian v\u00edctimas acuerdo de impunidad en caso Nochixtl\u00e1n"},"content":{"rendered":"<p style=\"font-family: UICTFontTextStyleBody;font-size: 17px;font-style: normal;font-weight: normal;letter-spacing: normal;text-align: start;text-indent: 0px;text-transform: none;text-decoration: none;margin: 0cm 0cm 0.0001pt\"><span>Evlin Arag\u00f3n\/Zona Roja Oaxaca.&nbsp;<\/span><\/p>\n<p style=\"font-family: UICTFontTextStyleBody;font-size: 17px;font-style: normal;font-weight: normal;letter-spacing: normal;text-align: start;text-indent: 0px;text-transform: none;text-decoration: none;margin: 0cm 0cm 0.0001pt\"><span lang=\"ES\"><\/span><\/p>\n<p style=\"font-family: UICTFontTextStyleBody;font-size: 17px;font-style: normal;font-weight: normal;letter-spacing: normal;text-align: start;text-indent: 0px;text-transform: none;text-decoration: none;margin: 0cm 0cm 0.0001pt\"><span lang=\"ES\">Oaxaca de Ju\u00e1rez, Oax., 2 de agosto de 2019.-&nbsp;<\/span><span>El Comit\u00e9 de V\u00edctimas por Justicia y Verdad \u201c19 de Junio\u201d denunci\u00f3 la posibilidad de un acuerdo para<\/span><span>&nbsp;<\/span><span>&nbsp;<\/span><span>dejar en la impunidad los hechos violentos registrados en el 2016 en Asunci\u00f3n Nochixtl\u00e1n, el cual no ha sido consensuado con las personas afectadas.<\/span><\/p>\n<p style=\"font-family: UICTFontTextStyleBody;font-size: 17px;font-style: normal;font-weight: normal;letter-spacing: normal;text-align: start;text-indent: 0px;text-transform: none;text-decoration: none;margin: 0cm 0cm 0.0001pt\"><span lang=\"ES\">As\u00ed lo informaron a trav\u00e9s de un comunicado de prensa, en donde ponen de manifiesto que de ninguna manera aceptar\u00e1n ni avalar\u00e1n ning\u00fan pacto que pretenda dejar en la impunidad los hechos, toda vez que su exigencia central es el castigo a los responsables de la masacre.<\/span><\/p>\n<p style=\"font-family: UICTFontTextStyleBody;font-size: 17px;font-style: normal;font-weight: normal;letter-spacing: normal;text-align: start;text-indent: 0px;text-transform: none;text-decoration: none;margin: 0cm 0cm 0.0001pt\"><span lang=\"ES\">\u201cExigimos castigo a los culpables de la masacre y su enjuiciamiento&nbsp;&nbsp;por la responsabilidad directa o indirecta, incluyendo a toda la cadena de mando y a los servidores p\u00fablicos desde Enrique Pe\u00f1a Nieto hasta el entonces gobernador del Estado, Gabino Cu\u00e9 Monteagudo\u201d, refiere el texto.<\/span><\/p>\n<p style=\"font-family: UICTFontTextStyleBody;font-size: 17px;font-style: normal;font-weight: normal;letter-spacing: normal;text-align: start;text-indent: 0px;text-transform: none;text-decoration: none;margin: 0cm 0cm 0.0001pt\"><span lang=\"ES\">Sin explicar en que basan la posibilidad de dicho acuerdo, aseguran que no aceptar\u00e1n ning\u00fan tipo de reparaci\u00f3n del da\u00f1o, pues la afectaci\u00f3n al proyecto de vida de los heridos y la vida de quienes murieron no tiene precio, por lo que ninguna disculpa p\u00fablica enmendar\u00eda el da\u00f1o y dolor causado.<\/span><\/p>\n<p style=\"font-family: UICTFontTextStyleBody;font-size: 17px;font-style: normal;font-weight: normal;letter-spacing: normal;text-align: start;text-indent: 0px;text-transform: none;text-decoration: none;margin: 0cm 0cm 0.0001pt\"><span lang=\"ES\">As\u00ed mismo, aseguraron que no aceptar\u00e1n imposiciones y acuerdos cupulares que que tengan como fin calla su movimiento, a la par que exigieron sean tomadas en cuenta las verdaderas v\u00edctimas de la tragedia que enlut\u00f3 a la localidad y da\u00f1o de forma considerable el tejido social.<\/span><\/p>\n<p style=\"font-family: UICTFontTextStyleBody;font-size: 17px;font-style: normal;font-weight: normal;letter-spacing: normal;text-align: start;text-indent: 0px;text-transform: none;text-decoration: none;margin: 0cm 0cm 0.0001pt\"><span lang=\"ES\">Reprocharon que hasta la fecha el gobierno de Andr\u00e9s Manuel L\u00f3pez Obrador ponga o\u00eddos sordos a la exigencia de las v\u00edctimas, demostrando que en su agenda no esta contemplado el caso Nochixtl\u00e1n y por el contrario su pol\u00edtica de perd\u00f3n hacia gobiernos anteriores podr\u00eda dejar en la impunidad los hechos.<\/span><\/p>\n<p style=\"font-family: UICTFontTextStyleBody;font-size: 17px;font-style: normal;font-weight: normal;letter-spacing: normal;text-align: start;text-indent: 0px;text-transform: none;text-decoration: none;margin: 0cm 0cm 0.0001pt\"><span lang=\"ES\">\u201cNos queda claro que no es la intenci\u00f3n del gobierno investigar a los autores&nbsp;&nbsp;materiales e intelectuales que ordenaron y ejecutaron el operativo 19 de junio del 2016 en la Mixteca oaxaque\u00f1a\u201d, citan.&nbsp;&nbsp;<\/span><\/p>\n<p style=\"font-family: UICTFontTextStyleBody;font-size: 17px;font-style: normal;font-weight: normal;letter-spacing: normal;text-align: start;text-indent: 0px;text-transform: none;text-decoration: none;margin: 0cm 0cm 0.0001pt\"><span lang=\"ES\">Finalmente llamaron a la solidaridad del magisterio oaxaque\u00f1o y las organizaciones sociales para seguir acompa\u00f1ando su lucha y exigencia de justicia a m\u00e1s tres a\u00f1os de los hechos violentos en Asunci\u00f3n Nochixtl\u00e1n.&nbsp;<\/span><\/p>\n","protected":false},"excerpt":{"rendered":"<p>Evlin Arag\u00f3n\/Zona Roja Oaxaca.&nbsp; Oaxaca de Ju\u00e1rez, Oax., 2 de agosto de 2019.-&nbsp;El Comit\u00e9 de&hellip;<\/p>\n","protected":false},"author":2,"featured_media":2764,"comment_status":"closed","ping_status":"open","sticky":false,"template":"","format":"standard","meta":{"_lmt_disableupdate":"","_lmt_disable":"","_jetpack_memberships_contains_paid_content":false,"footnotes":""},"categories":[109,47],"tags":[249],"class_list":["post-2765","post","type-post","status-publish","format-standard","has-post-thumbnail","hentry","category-minuto-a-minuto","category-zona-gris","tag-comite-de-victimas-nochixtlan"],"jetpack_featured_media_url":"https:\/\/zonaroja.com.mx\/wp-content\/uploads\/2019\/08\/ezy-watermark_02-08-2019_03-49-37p.-m..jpg","jetpack_sharing_enabled":true,"_links":{"self":[{"href":"https:\/\/zonaroja.com.mx\/index.php?rest_route=\/wp\/v2\/posts\/2765","targetHints":{"allow":["GET"]}}],"collection":[{"href":"https:\/\/zonaroja.com.mx\/index.php?rest_route=\/wp\/v2\/posts"}],"about":[{"href":"https:\/\/zonaroja.com.mx\/index.php?rest_route=\/wp\/v2\/types\/post"}],"author":[{"embeddable":true,"href":"https:\/\/zonaroja.com.mx\/index.php?rest_route=\/wp\/v2\/users\/2"}],"replies":[{"embeddable":true,"href":"https:\/\/zonaroja.com.mx\/index.php?rest_route=%2Fwp%2Fv2%2Fcomments&post=2765"}],"version-history":[{"count":1,"href":"https:\/\/zonaroja.com.mx\/index.php?rest_route=\/wp\/v2\/posts\/2765\/revisions"}],"predecessor-version":[{"id":2766,"href":"https:\/\/zonaroja.com.mx\/index.php?rest_route=\/wp\/v2\/posts\/2765\/revisions\/2766"}],"wp:featuredmedia":[{"embeddable":true,"href":"https:\/\/zonaroja.com.mx\/index.php?rest_route=\/wp\/v2\/media\/2764"}],"wp:attachment":[{"href":"https:\/\/zonaroja.com.mx\/index.php?rest_route=%2Fwp%2Fv2%2Fmedia&parent=2765"}],"wp:term":[{"taxonomy":"category","embeddable":true,"href":"https:\/\/zonaroja.com.mx\/index.php?rest_route=%2Fwp%2Fv2%2Fcategories&post=2765"},{"taxonomy":"post_tag","embeddable":true,"href":"https:\/\/zonaroja.com.mx\/index.php?rest_route=%2Fwp%2Fv2%2Ftags&post=2765"}],"curies":[{"name":"wp","href":"https:\/\/api.w.org\/{rel}","templated":true}]}}