{"id":27650,"date":"2021-05-24T21:46:29","date_gmt":"2021-05-25T02:46:29","guid":{"rendered":"http:\/\/www.zonaroja.com.mx\/?p=27650"},"modified":"2021-05-24T21:46:32","modified_gmt":"2021-05-25T02:46:32","slug":"pide-arzobispo-de-oaxaca-evitar-compra-de-votos-y-salir-a-las-urnas","status":"publish","type":"post","link":"https:\/\/zonaroja.com.mx\/?p=27650","title":{"rendered":"Pide arzobispo de Oaxaca evitar compra de votos y salir a las urnas"},"content":{"rendered":"\n<p>Evlin Arag\u00f3n\/Zona Roja.<\/p>\n\n\n\n<p>Oaxaca de Ju\u00e1rez, Oax., 24 de mayo de 2021.- El arzobispo de Antequera Oaxaca, Pedro V\u00e1zquez Villalobos, hizo un llamado a las y los feligreses para que salgan a votar el pr\u00f3ximo 6 de junio, al asegurar que el sufragio es la herramienta b\u00e1sica para la construcci\u00f3n de la democracia.&nbsp;<\/p>\n\n\n\n<p>As\u00ed mismo, pidi\u00f3 a la clase pol\u00edtica evitar la compra de votos y dejar que la ciudadan\u00eda elija con libertad. \u201cLas conciencias no se compran, se iluminan para que tomen una decisi\u00f3n razonada y libre\u201d, se\u00f1al\u00f3.&nbsp;<\/p>\n\n\n\n<p>De acuerdo con el jerarca de la iglesia Cat\u00f3lica, mucho se ha hablado en los \u00faltimos d\u00edas sobre el abstencionismo e incluso se promueve no salir a votar, lo cual dijo, le quita a la ciudadan\u00eda la autoridad moral de pedir algo o exigir buen desempe\u00f1o a nuestros gobernantes.<\/p>\n\n\n\n<p>\u201cLa sociedad necesita de la participaci\u00f3n responsable y proporcionada de todos los ciudadanos en la vida social, econ\u00f3mica, pol\u00edtica y cultural\u201d, refiri\u00f3 en un mensaje.&nbsp;<\/p>\n\n\n\n<p>Pese a la laicidad del Estado, el representante de la Iglesia en Oaxaca asegur\u00f3 que la invitaci\u00f3n a las y los feligreses para participar en la jornada electoral es genuina y no representa m\u00e1s que el inter\u00e9s moral de retomarla participaci\u00f3n activa de la sociedad.<\/p>\n\n\n\n<p>V\u00e1zquez Villalobos asegur\u00f3 que M\u00e9xico sigue sufriendo en buena parte porque un importante sector de la sociedad civil ha dejado de participar en la actividad pol\u00edtica, consolidando una apat\u00eda generalizada que no abona a mejorar propuestas para salir adelante.&nbsp;<\/p>\n\n\n\n<p>As\u00ed mismo, porque algunas autoridades, en sus diferentes niveles de gobierno, no supieron, quisieron o pudieron hacer lo que por ley les corresponde; ello sin dejar de nombrar la falta de indignaci\u00f3n social ante las diversas injusticias que se registran en la actualidad.&nbsp;<\/p>\n\n\n\n<p>Por lo anterior, reiter\u00f3 la importancia de salir a votar el pr\u00f3ximo 6 de junio, por cualquiera que consideren la mejor opci\u00f3n.&nbsp;<\/p>\n\n\n\n<p>\u201cEl voto puede producir gobernantes y parlamentarios responsables, generar una opini\u00f3n c\u00edvica cr\u00edtica, ir potenciando las reformas requeridas, as\u00ed como las leyes necesarias\u201d, indic\u00f3.<\/p>\n\n\n\n<p>Finalmente, a las y los pol\u00edticos que resulten electos pidi\u00f3 honestidad, conocimiento de la realidad que enfrentan las familias y en general la poblaci\u00f3n oaxaque\u00f1a, apostar por la reconciliaci\u00f3n y justicia, capacidad suficiente para ejercer sus funciones y mostrarse sensibles con los m\u00e1s pobres.&nbsp;&nbsp;<\/p>\n","protected":false},"excerpt":{"rendered":"<p>Evlin Arag\u00f3n\/Zona Roja. Oaxaca de Ju\u00e1rez, Oax., 24 de mayo de 2021.- El arzobispo de&hellip;<\/p>\n","protected":false},"author":2,"featured_media":20136,"comment_status":"closed","ping_status":"open","sticky":false,"template":"","format":"standard","meta":{"_lmt_disableupdate":"","_lmt_disable":"","_jetpack_memberships_contains_paid_content":false,"footnotes":""},"categories":[109,46],"tags":[993],"class_list":["post-27650","post","type-post","status-publish","format-standard","has-post-thumbnail","hentry","category-minuto-a-minuto","category-zona-blanca","tag-pedro-vazquez-villalobos"],"jetpack_featured_media_url":"https:\/\/zonaroja.com.mx\/wp-content\/uploads\/2020\/11\/Arzobispo-Oaxaca-Pedro-Vazquez.jpg","jetpack_sharing_enabled":true,"_links":{"self":[{"href":"https:\/\/zonaroja.com.mx\/index.php?rest_route=\/wp\/v2\/posts\/27650","targetHints":{"allow":["GET"]}}],"collection":[{"href":"https:\/\/zonaroja.com.mx\/index.php?rest_route=\/wp\/v2\/posts"}],"about":[{"href":"https:\/\/zonaroja.com.mx\/index.php?rest_route=\/wp\/v2\/types\/post"}],"author":[{"embeddable":true,"href":"https:\/\/zonaroja.com.mx\/index.php?rest_route=\/wp\/v2\/users\/2"}],"replies":[{"embeddable":true,"href":"https:\/\/zonaroja.com.mx\/index.php?rest_route=%2Fwp%2Fv2%2Fcomments&post=27650"}],"version-history":[{"count":1,"href":"https:\/\/zonaroja.com.mx\/index.php?rest_route=\/wp\/v2\/posts\/27650\/revisions"}],"predecessor-version":[{"id":27651,"href":"https:\/\/zonaroja.com.mx\/index.php?rest_route=\/wp\/v2\/posts\/27650\/revisions\/27651"}],"wp:featuredmedia":[{"embeddable":true,"href":"https:\/\/zonaroja.com.mx\/index.php?rest_route=\/wp\/v2\/media\/20136"}],"wp:attachment":[{"href":"https:\/\/zonaroja.com.mx\/index.php?rest_route=%2Fwp%2Fv2%2Fmedia&parent=27650"}],"wp:term":[{"taxonomy":"category","embeddable":true,"href":"https:\/\/zonaroja.com.mx\/index.php?rest_route=%2Fwp%2Fv2%2Fcategories&post=27650"},{"taxonomy":"post_tag","embeddable":true,"href":"https:\/\/zonaroja.com.mx\/index.php?rest_route=%2Fwp%2Fv2%2Ftags&post=27650"}],"curies":[{"name":"wp","href":"https:\/\/api.w.org\/{rel}","templated":true}]}}