{"id":27653,"date":"2021-05-24T22:22:40","date_gmt":"2021-05-25T03:22:40","guid":{"rendered":"http:\/\/www.zonaroja.com.mx\/?p=27653"},"modified":"2021-05-24T22:22:43","modified_gmt":"2021-05-25T03:22:43","slug":"tras-mas-de-24-horas-liberan-a-edil-de-tehuantepec-y-29-personas-mas","status":"publish","type":"post","link":"https:\/\/zonaroja.com.mx\/?p=27653","title":{"rendered":"Tras m\u00e1s de 24 horas, liberan a edil de Tehuantepec y 29 personas m\u00e1s"},"content":{"rendered":"\n<p>Ismael Garc\u00eda M.\/Zona Roja.<\/p>\n\n\n\n<p>Oaxaca de Ju\u00e1rez, Oax., 24 de mayo de 2021.- Aproximadamente a las 21:50 horas de este lunes  fueron puestas en libertad alrededor de 30 personas en San Jos\u00e9 el Para\u00edso, entre ellas la presidenta municipal con licencia y candidata a la reelecci\u00f3n por Morena, Vilma Mart\u00ednez Cort\u00e9s.<\/p>\n\n\n\n<p>De acuerdo con fuentes de la agencia municipal, los acuerdos fueron favorables entre ambas partes, y descartaron que haya conflictos, m\u00e1s que la exigencia del cumplimiento de obras rezagadas incluso de a\u00f1os anteriores.<\/p>\n\n\n\n<p>La alcaldesa con licencia se comprometi\u00f3 a cumplir con las obras pendientes, entre ellas la remodelaci\u00f3n de la sede municipal, as\u00ed como la asignaci\u00f3n de recursos presupuestales y revisar los pendientes de trienios anteriores.<\/p>\n\n\n\n<p>La autoridad auxiliar que encabeza como agente Valent\u00edn de Dios, expuso que en todo tiempo se les brindaron las atenciones necesarias, de los tres alimentos del d\u00eda, as\u00ed como alojamiento adecuado para que pernoctaran y jam\u00e1s hubo privaci\u00f3n ilegal de la libertad.<\/p>\n\n\n\n<p>Incluso, esta noche una comisi\u00f3n de ciudadanos los acompa\u00f1\u00f3 un tramo del camino de regreso a Santo Domingo Tehuantepec.<\/p>\n\n\n\n<p>Vilma Mart\u00ednez hab\u00eda llegado minutos despu\u00e9s de las 16:00 horas a dicha agencia municipal, por actividades proselitistas de Morena, cuando fue retenida junto con su gente, para que explicara los rezagos y pendientes, y se comprometiera a revisar las demandas y a cumplir con ellas.<\/p>\n","protected":false},"excerpt":{"rendered":"<p>Ismael Garc\u00eda M.\/Zona Roja. Oaxaca de Ju\u00e1rez, Oax., 24 de mayo de 2021.- Aproximadamente a&hellip;<\/p>\n","protected":false},"author":2,"featured_media":27655,"comment_status":"closed","ping_status":"open","sticky":false,"template":"","format":"standard","meta":{"_lmt_disableupdate":"","_lmt_disable":"","_jetpack_memberships_contains_paid_content":false,"footnotes":""},"categories":[109,46],"tags":[2700],"class_list":["post-27653","post","type-post","status-publish","format-standard","has-post-thumbnail","hentry","category-minuto-a-minuto","category-zona-blanca","tag-vilma-martinez-cortes"],"jetpack_featured_media_url":"https:\/\/zonaroja.com.mx\/wp-content\/uploads\/2021\/05\/Vilma-Martinez-retenida-2.jpg","jetpack_sharing_enabled":true,"_links":{"self":[{"href":"https:\/\/zonaroja.com.mx\/index.php?rest_route=\/wp\/v2\/posts\/27653","targetHints":{"allow":["GET"]}}],"collection":[{"href":"https:\/\/zonaroja.com.mx\/index.php?rest_route=\/wp\/v2\/posts"}],"about":[{"href":"https:\/\/zonaroja.com.mx\/index.php?rest_route=\/wp\/v2\/types\/post"}],"author":[{"embeddable":true,"href":"https:\/\/zonaroja.com.mx\/index.php?rest_route=\/wp\/v2\/users\/2"}],"replies":[{"embeddable":true,"href":"https:\/\/zonaroja.com.mx\/index.php?rest_route=%2Fwp%2Fv2%2Fcomments&post=27653"}],"version-history":[{"count":1,"href":"https:\/\/zonaroja.com.mx\/index.php?rest_route=\/wp\/v2\/posts\/27653\/revisions"}],"predecessor-version":[{"id":27656,"href":"https:\/\/zonaroja.com.mx\/index.php?rest_route=\/wp\/v2\/posts\/27653\/revisions\/27656"}],"wp:featuredmedia":[{"embeddable":true,"href":"https:\/\/zonaroja.com.mx\/index.php?rest_route=\/wp\/v2\/media\/27655"}],"wp:attachment":[{"href":"https:\/\/zonaroja.com.mx\/index.php?rest_route=%2Fwp%2Fv2%2Fmedia&parent=27653"}],"wp:term":[{"taxonomy":"category","embeddable":true,"href":"https:\/\/zonaroja.com.mx\/index.php?rest_route=%2Fwp%2Fv2%2Fcategories&post=27653"},{"taxonomy":"post_tag","embeddable":true,"href":"https:\/\/zonaroja.com.mx\/index.php?rest_route=%2Fwp%2Fv2%2Ftags&post=27653"}],"curies":[{"name":"wp","href":"https:\/\/api.w.org\/{rel}","templated":true}]}}