{"id":27657,"date":"2021-05-24T22:41:33","date_gmt":"2021-05-25T03:41:33","guid":{"rendered":"http:\/\/www.zonaroja.com.mx\/?p=27657"},"modified":"2021-05-24T22:41:36","modified_gmt":"2021-05-25T03:41:36","slug":"vuelven-ejecuciones-en-juchitan-hoy-uno-en-la-septima-seccion","status":"publish","type":"post","link":"https:\/\/zonaroja.com.mx\/?p=27657","title":{"rendered":"Vuelven ejecuciones en Juchit\u00e1n, hoy uno en la S\u00e9ptima Secci\u00f3n"},"content":{"rendered":"\n<p>Redacci\u00f3n\/Zona Roja.<\/p>\n\n\n\n<p>Oaxaca de Ju\u00e1rez, Oax., 24 de mayo de 2021.- La inseguridad no cesa en Juchit\u00e1n de Zaragoza, mientras el edil con licencia, Emilio Montero P\u00e9rez, busca la reelecci\u00f3n, ahora por el Partido del Trabajo y no por Morena, que lo promovi\u00f3 hace tres a\u00f1os.<\/p>\n\n\n\n<p>El crimen se perpetr\u00f3 alrededor de las 12:30 horas de este lunes en el callej\u00f3n Cheguigo, entre las calles Ferrocarril y 2 de Noviembre, del barrio S\u00e9ptima Secci\u00f3n.<\/p>\n\n\n\n<p>Sujetos desconocidos ingresaron a un domicilio y accionaron armas de fuego en contra de la v\u00edctima, identificada de manera preliminar como Fidencio S. R., alias \u201cMuxhe Diciembre\u201d.<\/p>\n\n\n\n<p>Hasta el momento no hay personas detenidas por este asesinato, perpetrado a plena luz del d\u00eda. La Vicefiscal\u00eda Regional del Istmo no tiene a\u00fan pistas de los agresores.<\/p>\n","protected":false},"excerpt":{"rendered":"<p>Redacci\u00f3n\/Zona Roja. Oaxaca de Ju\u00e1rez, Oax., 24 de mayo de 2021.- La inseguridad no cesa&hellip;<\/p>\n","protected":false},"author":2,"featured_media":27658,"comment_status":"closed","ping_status":"open","sticky":false,"template":"","format":"standard","meta":{"_lmt_disableupdate":"","_lmt_disable":"","_jetpack_memberships_contains_paid_content":false,"footnotes":""},"categories":[109,51],"tags":[123],"class_list":["post-27657","post","type-post","status-publish","format-standard","has-post-thumbnail","hentry","category-minuto-a-minuto","category-zona-roja","tag-juchitan-de-zaragoza"],"jetpack_featured_media_url":"https:\/\/zonaroja.com.mx\/wp-content\/uploads\/2021\/05\/Ejecutado-Juchitan.jpg","jetpack_sharing_enabled":true,"_links":{"self":[{"href":"https:\/\/zonaroja.com.mx\/index.php?rest_route=\/wp\/v2\/posts\/27657","targetHints":{"allow":["GET"]}}],"collection":[{"href":"https:\/\/zonaroja.com.mx\/index.php?rest_route=\/wp\/v2\/posts"}],"about":[{"href":"https:\/\/zonaroja.com.mx\/index.php?rest_route=\/wp\/v2\/types\/post"}],"author":[{"embeddable":true,"href":"https:\/\/zonaroja.com.mx\/index.php?rest_route=\/wp\/v2\/users\/2"}],"replies":[{"embeddable":true,"href":"https:\/\/zonaroja.com.mx\/index.php?rest_route=%2Fwp%2Fv2%2Fcomments&post=27657"}],"version-history":[{"count":1,"href":"https:\/\/zonaroja.com.mx\/index.php?rest_route=\/wp\/v2\/posts\/27657\/revisions"}],"predecessor-version":[{"id":27659,"href":"https:\/\/zonaroja.com.mx\/index.php?rest_route=\/wp\/v2\/posts\/27657\/revisions\/27659"}],"wp:featuredmedia":[{"embeddable":true,"href":"https:\/\/zonaroja.com.mx\/index.php?rest_route=\/wp\/v2\/media\/27658"}],"wp:attachment":[{"href":"https:\/\/zonaroja.com.mx\/index.php?rest_route=%2Fwp%2Fv2%2Fmedia&parent=27657"}],"wp:term":[{"taxonomy":"category","embeddable":true,"href":"https:\/\/zonaroja.com.mx\/index.php?rest_route=%2Fwp%2Fv2%2Fcategories&post=27657"},{"taxonomy":"post_tag","embeddable":true,"href":"https:\/\/zonaroja.com.mx\/index.php?rest_route=%2Fwp%2Fv2%2Ftags&post=27657"}],"curies":[{"name":"wp","href":"https:\/\/api.w.org\/{rel}","templated":true}]}}