{"id":27664,"date":"2021-05-25T07:32:05","date_gmt":"2021-05-25T12:32:05","guid":{"rendered":"http:\/\/www.zonaroja.com.mx\/?p=27664"},"modified":"2021-05-25T07:32:09","modified_gmt":"2021-05-25T12:32:09","slug":"disenador-oaxaqueno-avelino-roque-vestira-ahora-a-patinador-en-juegos-olimpicos","status":"publish","type":"post","link":"https:\/\/zonaroja.com.mx\/?p=27664","title":{"rendered":"Dise\u00f1ador oaxaque\u00f1o Avelino Roque, vestir\u00e1 ahora a patinador en Juegos Ol\u00edmpicos"},"content":{"rendered":"\n<p>Yuridiana Sosa\/Zona Roja.<\/p>\n\n\n\n<p>Oaxaca de Ju\u00e1rez, Oax., 25 de mayo de 2021.- El talento del dise\u00f1ador oaxaque\u00f1o Avelino Roque sigue cosechando triunfos entre importantes representantes de M\u00e9xico ante el mundo, pues ahora crear\u00e1 el vestuario de competencia del patinador art\u00edstico de hielo, Donovan Carrillo.<\/p>\n\n\n\n<p>El originario de San Juan Bautista Tuxtepec, en la regi\u00f3n de la Cuenca, dio la noticia por medio de su cuenta de Facebook, donde comparti\u00f3 im\u00e1genes del encuentro con el joven patinador, quien se alista para los Juegos Ol\u00edmpicos de Invierno 2021 en China.<\/p>\n\n\n\n<p>\u201cDonovan Carrillo el mejor patinador art\u00edstico de hielo de M\u00e9xico, me invit\u00f3 a ser el dise\u00f1ador del vestuario que portar\u00e1 en los Juegos Ol\u00edmpicos de Invierno en Beijing\u201d escribi\u00f3 Avelino Roque.<\/p>\n\n\n\n<p>En el mensaje agreg\u00f3: \u201cCon el fin de resaltar nuestra cultura y tradiciones en las pistas de hielo chinas \u00a1Hagamos que M\u00e9xico se vea en todo el mundo!, \u00a1M\u00e9xico lo tiene todo!\u201d resalt\u00f3.<\/p>\n\n\n\n<p>Apenas el pasado 16 de mayo, ante la participaci\u00f3n de Andrea Meza en el certamen de Miss Universo y ganadora de la corona 2021, el talento del oaxaque\u00f1o capt\u00f3 los reflectores internacionales de la industria del dise\u00f1o de vestuario por su creaci\u00f3n del alebrije.<\/p>\n\n\n\n<p>Andrea Meza port\u00f3 en la etapa de trajes regionales la representaci\u00f3n de la artesan\u00eda oaxaque\u00f1a por medio de un fino, colorido y llamativo vestuario que cre\u00f3 Avelino Roque, bordado en pedrer\u00eda y adornado con plumas.<\/p>\n\n\n\n<p>Desde ese momento la carrera de joven dise\u00f1ador de 25 a\u00f1os, con cinco a\u00f1os de trayectoria, se catapult\u00f3.<\/p>\n\n\n\n<p>Ha sido entrevistado por diversos medios nacionales para presentar no s\u00f3lo su trabajo con el traje de alebrije, tambi\u00e9n para hablar de su carrera como dise\u00f1ador de modas.<\/p>\n","protected":false},"excerpt":{"rendered":"<p>Yuridiana Sosa\/Zona Roja. Oaxaca de Ju\u00e1rez, Oax., 25 de mayo de 2021.- El talento del&hellip;<\/p>\n","protected":false},"author":2,"featured_media":27665,"comment_status":"closed","ping_status":"open","sticky":false,"template":"","format":"standard","meta":{"_lmt_disableupdate":"","_lmt_disable":"","_jetpack_memberships_contains_paid_content":false,"footnotes":""},"categories":[109,46],"tags":[2701],"class_list":["post-27664","post","type-post","status-publish","format-standard","has-post-thumbnail","hentry","category-minuto-a-minuto","category-zona-blanca","tag-avelino-roque"],"jetpack_featured_media_url":"https:\/\/zonaroja.com.mx\/wp-content\/uploads\/2021\/05\/Disenador-Avelino-Roque.jpg","jetpack_sharing_enabled":true,"_links":{"self":[{"href":"https:\/\/zonaroja.com.mx\/index.php?rest_route=\/wp\/v2\/posts\/27664","targetHints":{"allow":["GET"]}}],"collection":[{"href":"https:\/\/zonaroja.com.mx\/index.php?rest_route=\/wp\/v2\/posts"}],"about":[{"href":"https:\/\/zonaroja.com.mx\/index.php?rest_route=\/wp\/v2\/types\/post"}],"author":[{"embeddable":true,"href":"https:\/\/zonaroja.com.mx\/index.php?rest_route=\/wp\/v2\/users\/2"}],"replies":[{"embeddable":true,"href":"https:\/\/zonaroja.com.mx\/index.php?rest_route=%2Fwp%2Fv2%2Fcomments&post=27664"}],"version-history":[{"count":1,"href":"https:\/\/zonaroja.com.mx\/index.php?rest_route=\/wp\/v2\/posts\/27664\/revisions"}],"predecessor-version":[{"id":27666,"href":"https:\/\/zonaroja.com.mx\/index.php?rest_route=\/wp\/v2\/posts\/27664\/revisions\/27666"}],"wp:featuredmedia":[{"embeddable":true,"href":"https:\/\/zonaroja.com.mx\/index.php?rest_route=\/wp\/v2\/media\/27665"}],"wp:attachment":[{"href":"https:\/\/zonaroja.com.mx\/index.php?rest_route=%2Fwp%2Fv2%2Fmedia&parent=27664"}],"wp:term":[{"taxonomy":"category","embeddable":true,"href":"https:\/\/zonaroja.com.mx\/index.php?rest_route=%2Fwp%2Fv2%2Fcategories&post=27664"},{"taxonomy":"post_tag","embeddable":true,"href":"https:\/\/zonaroja.com.mx\/index.php?rest_route=%2Fwp%2Fv2%2Ftags&post=27664"}],"curies":[{"name":"wp","href":"https:\/\/api.w.org\/{rel}","templated":true}]}}