{"id":27667,"date":"2021-05-25T07:41:33","date_gmt":"2021-05-25T12:41:33","guid":{"rendered":"http:\/\/www.zonaroja.com.mx\/?p=27667"},"modified":"2021-05-25T07:41:37","modified_gmt":"2021-05-25T12:41:37","slug":"militantes-de-morena-fuerza-por-mexico-y-pup-se-unen-a-villacana","status":"publish","type":"post","link":"https:\/\/zonaroja.com.mx\/?p=27667","title":{"rendered":"Militantes de Morena, Fuerza por M\u00e9xico y PUP se unen a Villaca\u00f1a"},"content":{"rendered":"\n<p>Redacci\u00f3n\/Zona Roja.<\/p>\n\n\n\n<p>Oaxaca de Ju\u00e1rez, Oax., 25 de Mayo de 2021.- Convencidos de que el candidato com\u00fan del PAN, PRI y PRD a la presidencia municipal de Oaxaca de Ju\u00e1rez, Javier Villaca\u00f1a Jim\u00e9nez, es la \u00fanica opci\u00f3n para rescatar a la ciudad del abandono, militantes del Movimiento de Regeneraci\u00f3n Nacional, del Partido Unidad Popular y Fuerza por M\u00e9xico, se pronunciaron a favor de la candidatura del ex mun\u00edcipe capitalino.<\/p>\n\n\n\n<p>Reunidos en el monumento al m\u00e1ximo l\u00edder campesino Emiliano Zapata, los militantes de Morena, el PUP y FxM, renunciaron a su militancia partidista para adherirse a la campa\u00f1a pol\u00edtica del candidato puntero a la presidencia municipal de Oaxaca de Ju\u00e1rez, Javier Villaca\u00f1a Jim\u00e9nez.<\/p>\n\n\n\n<p>En un ejercicio de honestidad y conciencia moral, Bibiano Mart\u00ednez Cruz renunci\u00f3 a su s\u00e9ptima posici\u00f3n en la planilla del Partido Unidad Popular;&nbsp; \u00c1ngel Omar Silva Escalona a su espacio en la planilla de Fuerza por M\u00e9xico; mientras que Juana Luz Ram\u00edrez y cientos de militantes abandonaron Morena para sumarse a la candidatura de Villaca\u00f1a Jim\u00e9nez.<\/p>\n\n\n\n<p>El liderazgo y capacidad de Javier Villaca\u00f1a consigui\u00f3 unificar estas diferentes expresiones pol\u00edticas y sumarlas a su proyecto que es una propuesta plural y responsable para recuperar la grandeza de Oaxaca.<\/p>\n\n\n\n<p>Cabe se\u00f1alar que en una se\u00f1al m\u00e1s de repudio, el centenar de militantes de Morena incineraron sus credenciales partidistas como parte de ese acto de adhesi\u00f3n.<\/p>\n\n\n\n<figure class=\"wp-block-image size-large\"><img decoding=\"async\" width=\"1024\" height=\"682\" src=\"http:\/\/www.zonaroja.com.mx\/wp-content\/uploads\/2021\/05\/24May-Respaldo-PRI_1.jpeg\" alt=\"\" class=\"wp-image-27669\" srcset=\"https:\/\/zonaroja.com.mx\/wp-content\/uploads\/2021\/05\/24May-Respaldo-PRI_1.jpeg 1024w, https:\/\/zonaroja.com.mx\/wp-content\/uploads\/2021\/05\/24May-Respaldo-PRI_1-300x200.jpeg 300w, https:\/\/zonaroja.com.mx\/wp-content\/uploads\/2021\/05\/24May-Respaldo-PRI_1-768x512.jpeg 768w, https:\/\/zonaroja.com.mx\/wp-content\/uploads\/2021\/05\/24May-Respaldo-PRI_1-585x390.jpeg 585w, https:\/\/zonaroja.com.mx\/wp-content\/uploads\/2021\/05\/24May-Respaldo-PRI_1-263x175.jpeg 263w\" sizes=\"(max-width: 1024px) 100vw, 1024px\" \/><\/figure>\n\n\n\n<p>TIENE MEGAESTRUCTURA<\/p>\n\n\n\n<p>Por otra parte, la fuerza de la estructura de promoci\u00f3n del voto del Comit\u00e9 Estatal del partido Revolucionario Institucional (PRI) dieron muestra de la unidad, firmeza y coraje para consolidar el triunfo de Javier Villca\u00f1a Jim\u00e9nez como el pr\u00f3ximo presidente municipal de Oaxaca de Ju\u00e1rez.<\/p>\n\n\n\n<p>En un ambiente de lucha y fuerza, los m\u00e1s de dos mil militantes en la sede del PRI tambi\u00e9n arroparon a las candidatas a diputadas locales y candidato a diputado federal de la alianza \u201cVa por Oaxaca\u201d, Laura Vignon Carre\u00f1o, Giovanna Moreno y Jos\u00e9 Antonio Hern\u00e1ndez Fraguas.<\/p>\n\n\n\n<p>Al dirigir un mensaje, Villaca\u00f1a Jim\u00e9nez reconoci\u00f3 la gran labor que realizan los hombres y mujeres para sumar sufragios a la victoria contundente del 6 de junio, destacando el trabajo constante para devolver a la ciudad la grandeza, belleza y prosperidad.&nbsp;<\/p>\n\n\n\n<p>\u201cRecuperaremos Oaxaca de Ju\u00e1rez, gracias a ustedes que llevan nuestros compromisos a toda la ciudadan\u00eda, mostrando su inter\u00e9s de impulsar el proyecto pol\u00edtico que resolver\u00e1 las necesidades de las colonias\u201d, declar\u00f3, en una tarde que se pint\u00f3 de los colores de la conquista.<\/p>\n\n\n\n<p>Ante los asistentes, a quienes llam\u00f3 un \u201cgran ej\u00e9rcito que no se dejar\u00e1 vencer\u201d, el aspirante por el PRI, PAN y PRD subray\u00f3 que entregar\u00e1 su coraz\u00f3n para \u201cdejar una mejor ciudad a nuestros hijos, hijas, nietos y nietas\u201d.<\/p>\n\n\n\n<p>Al grito de \u00a1Javier presidente!, los miles de militantes se unieron en un solo latido pri\u00edsta, para augurar el triunfo del proceso electoral y sellando el compromiso de ir con firmeza a votar, a fin de contar con un presidente y legisladores que tienen propuestas concretas y definidas para construir la capital segura y con ruta.<\/p>\n\n\n\n<figure class=\"wp-block-embed-twitter wp-block-embed is-type-rich is-provider-twitter\"><div class=\"wp-block-embed__wrapper\">\n<div class=\"twitter-tweet\"><blockquote class=\"twitter-tweet\" data-lang=\"es\"><p lang=\"es\" dir=\"ltr\">Cada d\u00eda estamos m\u00e1s convencidos de que nuestro triunfo ser\u00e1 contundente la estructura de la colonia Libertad, Periodista, Ex Marquesado y Zona Centro nos lo demostraron esta tarde.  Sabemos que juntos volveremos a recuperar la grandeza de oaxaca. <a href=\"https:\/\/t.co\/QtsOeoRaoC\">pic.twitter.com\/QtsOeoRaoC<\/a><\/p>&mdash; Juan rafael rosas he (@HeJuanrosash) <a href=\"https:\/\/twitter.com\/HeJuanrosash\/status\/1397002221557006339?ref_src=twsrc%5Etfw\">25 de mayo de 2021<\/a><\/blockquote><\/div>\n<\/div><\/figure>\n","protected":false},"excerpt":{"rendered":"<p>Redacci\u00f3n\/Zona Roja. Oaxaca de Ju\u00e1rez, Oax., 25 de Mayo de 2021.- Convencidos de que el&hellip;<\/p>\n","protected":false},"author":2,"featured_media":27668,"comment_status":"closed","ping_status":"open","sticky":false,"template":"","format":"standard","meta":{"_lmt_disableupdate":"","_lmt_disable":"","_jetpack_memberships_contains_paid_content":false,"footnotes":""},"categories":[109,46],"tags":[2456],"class_list":["post-27667","post","type-post","status-publish","format-standard","has-post-thumbnail","hentry","category-minuto-a-minuto","category-zona-blanca","tag-javier-villacana-jimenez"],"jetpack_featured_media_url":"https:\/\/zonaroja.com.mx\/wp-content\/uploads\/2021\/05\/24May-JVJ-Unifica.jpeg","jetpack_sharing_enabled":true,"_links":{"self":[{"href":"https:\/\/zonaroja.com.mx\/index.php?rest_route=\/wp\/v2\/posts\/27667","targetHints":{"allow":["GET"]}}],"collection":[{"href":"https:\/\/zonaroja.com.mx\/index.php?rest_route=\/wp\/v2\/posts"}],"about":[{"href":"https:\/\/zonaroja.com.mx\/index.php?rest_route=\/wp\/v2\/types\/post"}],"author":[{"embeddable":true,"href":"https:\/\/zonaroja.com.mx\/index.php?rest_route=\/wp\/v2\/users\/2"}],"replies":[{"embeddable":true,"href":"https:\/\/zonaroja.com.mx\/index.php?rest_route=%2Fwp%2Fv2%2Fcomments&post=27667"}],"version-history":[{"count":1,"href":"https:\/\/zonaroja.com.mx\/index.php?rest_route=\/wp\/v2\/posts\/27667\/revisions"}],"predecessor-version":[{"id":27670,"href":"https:\/\/zonaroja.com.mx\/index.php?rest_route=\/wp\/v2\/posts\/27667\/revisions\/27670"}],"wp:featuredmedia":[{"embeddable":true,"href":"https:\/\/zonaroja.com.mx\/index.php?rest_route=\/wp\/v2\/media\/27668"}],"wp:attachment":[{"href":"https:\/\/zonaroja.com.mx\/index.php?rest_route=%2Fwp%2Fv2%2Fmedia&parent=27667"}],"wp:term":[{"taxonomy":"category","embeddable":true,"href":"https:\/\/zonaroja.com.mx\/index.php?rest_route=%2Fwp%2Fv2%2Fcategories&post=27667"},{"taxonomy":"post_tag","embeddable":true,"href":"https:\/\/zonaroja.com.mx\/index.php?rest_route=%2Fwp%2Fv2%2Ftags&post=27667"}],"curies":[{"name":"wp","href":"https:\/\/api.w.org\/{rel}","templated":true}]}}