{"id":27671,"date":"2021-05-25T07:50:55","date_gmt":"2021-05-25T12:50:55","guid":{"rendered":"http:\/\/www.zonaroja.com.mx\/?p=27671"},"modified":"2021-05-25T07:51:01","modified_gmt":"2021-05-25T12:51:01","slug":"en-casos-que-involucren-a-menores-de-edad-protege-pjeo-sus-derechos","status":"publish","type":"post","link":"https:\/\/zonaroja.com.mx\/?p=27671","title":{"rendered":"En casos que involucren a menores de edad protege PJEO sus derechos"},"content":{"rendered":"\n<p>Redacci\u00f3n\/Zona Roja.<\/p>\n\n\n\n<p>Oaxaca de Ju\u00e1rez, Oax., 25 de mayo de 2021.- El ni\u00f1o es la persona m\u00e1s vulnerable y por ello la obligaci\u00f3n de las autoridades a velar por su inter\u00e9s y bienestar, se\u00f1al\u00f3 la jueza Leticia Garc\u00eda Soto, del Juzgado Octavo Familiar del Distrito Judicial del Centro, quien indic\u00f3 que los derechos de ni\u00f1as, ni\u00f1os y adolescentes son una prioridad para el Poder Judicial del Estado.<\/p>\n\n\n\n<p>En entrevista, destac\u00f3 la atenci\u00f3n que se brinda cuando la integridad y estabilidad emocional de los mismos, se ve involucrada en alg\u00fan proceso judicial, tal es el caso de la guarda y custodia.<\/p>\n\n\n\n<p>Se\u00f1al\u00f3 que las autoridades son responsables de supervisar que se cumplan los convenios prestablecidos por los padres en este tema y, en el caso que no exista un acuerdo entre ambos, deben acudir ante un Juez Familiar quien siempre atender\u00e1 y velar\u00e1 por el Interior Superior de la Ni\u00f1ez.<\/p>\n\n\n\n<p>\u201cNosotros tenemos que ser muy cuidadosos cuando vamos a escuchar al menor, a un menor se le escucha a partir de los siete a\u00f1os, hay excepciones, cuando el perito especialista refiere que, por ejemplo, un menor de cinco a\u00f1os tiene la madurez y puede externar su opini\u00f3n excepcionalmente\u201d, resalt\u00f3.<\/p>\n\n\n\n<p>Asimismo, la jueza coment\u00f3 que existen diferentes tipos de guarda y custodia, la primera se clasifica como monoparental o individual, que se otorga a uno de los progenitores; la compartida, concedida a ambos padres; a terceros, cuando por causa de muerte o abuso de sustancias, los abuelos, t\u00edos, hermanos o conocidos mayores de edad, demandan esta obligaci\u00f3n.<\/p>\n\n\n\n<p>En la distributiva, agreg\u00f3, se faculta la divisi\u00f3n de los hijos entre padre y madre, es ah\u00ed cuando el juez tiene que programar las convivencias para que no se pierda la relaci\u00f3n entre hermanos.<\/p>\n\n\n\n<p>Cabe resaltar que, en estos procesos legales, las y los jueces, adem\u00e1s de su conocimiento jur\u00eddico, deben contar con sensibilidad, inter\u00e9s y empat\u00eda hacia las personas que atienden para visualizar el contexto de la situaci\u00f3n familiar que atraviesan y ofrecer una soluci\u00f3n efectiva, siempre con el objetivo de garantizar y salvaguardar a la ni\u00f1ez oaxaque\u00f1a.<\/p>\n","protected":false},"excerpt":{"rendered":"<p>Redacci\u00f3n\/Zona Roja. Oaxaca de Ju\u00e1rez, Oax., 25 de mayo de 2021.- El ni\u00f1o es la&hellip;<\/p>\n","protected":false},"author":2,"featured_media":27672,"comment_status":"closed","ping_status":"open","sticky":false,"template":"","format":"standard","meta":{"_lmt_disableupdate":"","_lmt_disable":"","_jetpack_memberships_contains_paid_content":false,"footnotes":""},"categories":[109,46],"tags":[223],"class_list":["post-27671","post","type-post","status-publish","format-standard","has-post-thumbnail","hentry","category-minuto-a-minuto","category-zona-blanca","tag-poder-judicial-de-oaxaca"],"jetpack_featured_media_url":"https:\/\/zonaroja.com.mx\/wp-content\/uploads\/2021\/05\/Mediante-buzones-Juzgados-reciben-demandas-y-promociones.jpg","jetpack_sharing_enabled":true,"_links":{"self":[{"href":"https:\/\/zonaroja.com.mx\/index.php?rest_route=\/wp\/v2\/posts\/27671","targetHints":{"allow":["GET"]}}],"collection":[{"href":"https:\/\/zonaroja.com.mx\/index.php?rest_route=\/wp\/v2\/posts"}],"about":[{"href":"https:\/\/zonaroja.com.mx\/index.php?rest_route=\/wp\/v2\/types\/post"}],"author":[{"embeddable":true,"href":"https:\/\/zonaroja.com.mx\/index.php?rest_route=\/wp\/v2\/users\/2"}],"replies":[{"embeddable":true,"href":"https:\/\/zonaroja.com.mx\/index.php?rest_route=%2Fwp%2Fv2%2Fcomments&post=27671"}],"version-history":[{"count":1,"href":"https:\/\/zonaroja.com.mx\/index.php?rest_route=\/wp\/v2\/posts\/27671\/revisions"}],"predecessor-version":[{"id":27673,"href":"https:\/\/zonaroja.com.mx\/index.php?rest_route=\/wp\/v2\/posts\/27671\/revisions\/27673"}],"wp:featuredmedia":[{"embeddable":true,"href":"https:\/\/zonaroja.com.mx\/index.php?rest_route=\/wp\/v2\/media\/27672"}],"wp:attachment":[{"href":"https:\/\/zonaroja.com.mx\/index.php?rest_route=%2Fwp%2Fv2%2Fmedia&parent=27671"}],"wp:term":[{"taxonomy":"category","embeddable":true,"href":"https:\/\/zonaroja.com.mx\/index.php?rest_route=%2Fwp%2Fv2%2Fcategories&post=27671"},{"taxonomy":"post_tag","embeddable":true,"href":"https:\/\/zonaroja.com.mx\/index.php?rest_route=%2Fwp%2Fv2%2Ftags&post=27671"}],"curies":[{"name":"wp","href":"https:\/\/api.w.org\/{rel}","templated":true}]}}