{"id":27678,"date":"2021-05-25T09:26:46","date_gmt":"2021-05-25T14:26:46","guid":{"rendered":"http:\/\/www.zonaroja.com.mx\/?p=27678"},"modified":"2021-05-25T09:26:51","modified_gmt":"2021-05-25T14:26:51","slug":"edil-de-tehuantepec-pagara-obras-hasta-de-trienios-anteriores","status":"publish","type":"post","link":"https:\/\/zonaroja.com.mx\/?p=27678","title":{"rendered":"Edil de Tehuantepec pagar\u00e1 obras hasta de trienios anteriores"},"content":{"rendered":"\n<p>Evlin Arag\u00f3n\/Zona Roja.<\/p>\n\n\n\n<p>Oaxaca de Ju\u00e1rez, Oax., 25 de mayo de 2021.- Gane o no gane las elecciones para repetir en el cargo, la presidenta municipal con licencia de Santo Domingo Tehuantepec, Vilma Mart\u00ednez Cort\u00e9s, pagar\u00e1 a San Jos\u00e9 El Para\u00edso obras incluso de trienios anteriores.<\/p>\n\n\n\n<p>As\u00ed se estableci\u00f3 en la minuta de acuerdos firmada entre los pobladores de dicha comunidad mixe-zapoteca, tras casi 30 horas de retenci\u00f3n de alrededor de 30 personas. Adem\u00e1s, la alcaldesa surgida del Partido Morena Morena se comprometi\u00f3 a revisar pendientes de trienios anteriores y apoyar la ejecuci\u00f3n o conclusi\u00f3n de obras.<\/p>\n\n\n\n<p>Solo el compromiso de que retomar\u00e1 la obra pendiente en torno a la ampliaci\u00f3n del agua potable, as\u00ed como la terminaci\u00f3n del palacio municipal, convenci\u00f3 a las y los integrantes de la comunidad para dejarla salir y continuar con sus actividades proselitistas, a d\u00edas de la jornada electoral.&nbsp;<\/p>\n\n\n\n<p>De acuerdo con habitantes de San Jos\u00e9 El Para\u00edso, previamente hab\u00eda una completa renuencia por parte de la autoridad en torno a la recuperaci\u00f3n de obras, por lo que se vieron obligados a accionar en cuanto la candidata hizo presencia a la localidad para pedir el voto de nueva cuenta.&nbsp;<\/p>\n\n\n\n<p>\u201cHab\u00eda renuencia por parte de la edil de recuperar las obras, de ah\u00ed que la negociaci\u00f3n y el di\u00e1logo se mantuvo enfrascado durante varias horas, sin embargo, con la presi\u00f3n ejercida en las ultima horas por la comunidad se consigui\u00f3 que se comprometieran a dar seguimiento a las demandas\u201d, dijo uno de los pobladores en entrevista.&nbsp;<\/p>\n\n\n\n<p>Explic\u00f3 tambi\u00e9n que la retenci\u00f3n de la edil con licencia no represent\u00f3 una privaci\u00f3n ilegal de la libertad como tal, toda vez que ella y las personas que la acompa\u00f1aban, permanecieron libres dentro de la comunidad, incluso hubo quien aprovech\u00f3 la situaci\u00f3n para hacer turismo local y visitar un puente colgante que hay en la poblaci\u00f3n.<\/p>\n\n\n\n<p>\u201cJam\u00e1s fueron privadas de su libertad las personas que estuvieron ah\u00ed, nunca se les meti\u00f3 en un espacio peque\u00f1o o cuarto. Estuvieron permanentemente libres dentro de la comunidad, lo \u00fanico que la poblaci\u00f3n hizo fue poner guardias en la entrada de la poblaci\u00f3n\u201d, manifest\u00f3.&nbsp;<\/p>\n\n\n\n<p>As\u00ed mismo, reiter\u00f3 que el di\u00e1logo con la edil con licencia y candidata se llev\u00f3 a cabo con respeto, armon\u00eda y tolerancia, generando acuerdos en beneficio de la poblaci\u00f3n que lamentablemente ha estado rezagada durante las administraciones anteriores, incluida la de Vilma Mart\u00ednez.<\/p>\n\n\n\n<p>\u201cAmbas partes reconocieron que tal vez omitieron ciertos detalles para logar acuerdos anteriores, sin embargo, en esta ocasi\u00f3n las dos partes cedieron. La comunidad sali\u00f3 beneficiada y se sintieron respaldados\u201d, concluy\u00f3.&nbsp;&nbsp;<\/p>\n\n\n\n<p>Fue alrededor aproximadamente a las 21:50 horas de este lunes que fueron puestas en libertad alrededor de 30 personas en San Jos\u00e9 el Para\u00edso, entre ellas la presidenta municipal con licencia y candidata de Morena, Vilma Mart\u00ednez Cort\u00e9s.<\/p>\n\n\n\n<p>La retenci\u00f3n se llev\u00f3 a cabo minutos despu\u00e9s de las 16:00 horas del d\u00eda domingo.<\/p>\n","protected":false},"excerpt":{"rendered":"<p>Evlin Arag\u00f3n\/Zona Roja. Oaxaca de Ju\u00e1rez, Oax., 25 de mayo de 2021.- Gane o no&hellip;<\/p>\n","protected":false},"author":2,"featured_media":27674,"comment_status":"closed","ping_status":"open","sticky":false,"template":"","format":"standard","meta":{"_lmt_disableupdate":"","_lmt_disable":"","_jetpack_memberships_contains_paid_content":false,"footnotes":""},"categories":[109,47],"tags":[2702,2700],"class_list":["post-27678","post","type-post","status-publish","format-standard","has-post-thumbnail","hentry","category-minuto-a-minuto","category-zona-gris","tag-san-jose-el-paraiso","tag-vilma-martinez-cortes"],"jetpack_featured_media_url":"https:\/\/zonaroja.com.mx\/wp-content\/uploads\/2021\/05\/Vilma-Martinez-retenida-1.jpg","jetpack_sharing_enabled":true,"_links":{"self":[{"href":"https:\/\/zonaroja.com.mx\/index.php?rest_route=\/wp\/v2\/posts\/27678","targetHints":{"allow":["GET"]}}],"collection":[{"href":"https:\/\/zonaroja.com.mx\/index.php?rest_route=\/wp\/v2\/posts"}],"about":[{"href":"https:\/\/zonaroja.com.mx\/index.php?rest_route=\/wp\/v2\/types\/post"}],"author":[{"embeddable":true,"href":"https:\/\/zonaroja.com.mx\/index.php?rest_route=\/wp\/v2\/users\/2"}],"replies":[{"embeddable":true,"href":"https:\/\/zonaroja.com.mx\/index.php?rest_route=%2Fwp%2Fv2%2Fcomments&post=27678"}],"version-history":[{"count":1,"href":"https:\/\/zonaroja.com.mx\/index.php?rest_route=\/wp\/v2\/posts\/27678\/revisions"}],"predecessor-version":[{"id":27679,"href":"https:\/\/zonaroja.com.mx\/index.php?rest_route=\/wp\/v2\/posts\/27678\/revisions\/27679"}],"wp:featuredmedia":[{"embeddable":true,"href":"https:\/\/zonaroja.com.mx\/index.php?rest_route=\/wp\/v2\/media\/27674"}],"wp:attachment":[{"href":"https:\/\/zonaroja.com.mx\/index.php?rest_route=%2Fwp%2Fv2%2Fmedia&parent=27678"}],"wp:term":[{"taxonomy":"category","embeddable":true,"href":"https:\/\/zonaroja.com.mx\/index.php?rest_route=%2Fwp%2Fv2%2Fcategories&post=27678"},{"taxonomy":"post_tag","embeddable":true,"href":"https:\/\/zonaroja.com.mx\/index.php?rest_route=%2Fwp%2Fv2%2Ftags&post=27678"}],"curies":[{"name":"wp","href":"https:\/\/api.w.org\/{rel}","templated":true}]}}