{"id":27680,"date":"2021-05-25T15:03:56","date_gmt":"2021-05-25T20:03:56","guid":{"rendered":"http:\/\/www.zonaroja.com.mx\/?p=27680"},"modified":"2021-05-25T15:03:59","modified_gmt":"2021-05-25T20:03:59","slug":"se-reune-martinez-neri-con-sindicato-3-de-marzo-ofrece-no-privatizar-servicios","status":"publish","type":"post","link":"https:\/\/zonaroja.com.mx\/?p=27680","title":{"rendered":"Se re\u00fane Mart\u00ednez Neri con Sindicato \u201c3 de Marzo\u201d; ofrece no privatizar servicios"},"content":{"rendered":"\n<p>Redacci\u00f3n\/Zona Roja.<\/p>\n\n\n\n<p>Oaxaca de Ju\u00e1rez, Oax., 25 de mayo de 2021.- El candidato a la presidencia municipal por el partido Movimiento de Regeneraci\u00f3n Nacional (Morena), Francisco Mart\u00ednez Neri, tuvo un encuentro con integrantes del Sindicato \u00ab3 Marzo\u00bb, de trabajadores del servicio de limpia del municipio capitalino.<\/p>\n\n\n\n<p>Con ellos dej\u00f3 claro que no se va privatizar el servicio de recolecci\u00f3n de la basura y se har\u00e1 valer sus derechos como trabajadores sindicalizados.<\/p>\n\n\n\n<p>Acompa\u00f1ado del delegado, Hilario Torres, y el subdelegado, Bernab\u00e9 Baltazar D\u00edaz, dijo que se est\u00e1 viviendo un momento importante en la vida del municipio, porque se va elegir al nuevo edil capitalino.<\/p>\n\n\n\n<p>En este sentido, record\u00f3 que Morena hizo una encuesta&nbsp; interna donde \u00e9l fue elegido por el partido, al tener mayor aceptaci\u00f3n. Subray\u00f3 que desde ese d\u00eda, siendo responsable de sus actos, asumi\u00f3 el compromiso y empez\u00f3 a platicar con la ciudadan\u00eda para tratar diversos asuntos.<\/p>\n\n\n\n<p>Aclar\u00f3 que se va conducir con honradez, como distinci\u00f3n de los hombres y mujeres libres.<\/p>\n\n\n\n<p>\u201cPertenecemos a esa cauda de hombres y mujeres libres que trabajaremos con honradez. Vamos a servir con eficacia, con una profunda vocaci\u00f3n de servicio, dialogando tantas veces sea necesario.<\/p>\n\n\n\n<p>\u201cEn el caso de los sindicatos, hay que atender las necesidades de los trabajadores, pues&nbsp;&nbsp; son los responsables de que las diversas zonas del municipio est\u00e9n ordenadas y limpias\u201d, agreg\u00f3.<\/p>\n\n\n\n<p>Mart\u00ednez Neri record\u00f3 que en la universidad trabaj\u00f3 de manera coordinada con cinco sindicatos y encabez\u00f3 una marcha de la mano con sus compa\u00f1eros sindicalizados, para reclamar atenci\u00f3n a las prestaciones que los trabajadores ten\u00edan que recibir.<\/p>\n\n\n\n<p>En el caso concreto del sindicato \u00ab3 de Marzo\u00bb, se trabajar\u00e1 de la mano como compa\u00f1eros trabajadores que son.<\/p>\n\n\n\n<p>\u201cHay aspectos centrales que quiero subrayar. Se ha venido mencionado la privatizaci\u00f3n de los servicios de limpia. Yo digo, categ\u00f3ricamente que no. En todo caso, se va modernizar. Eso que quede muy claro\u201d, puntualiz\u00f3.<\/p>\n\n\n\n<figure class=\"wp-block-image size-large\"><img decoding=\"async\" width=\"1024\" height=\"682\" src=\"http:\/\/www.zonaroja.com.mx\/wp-content\/uploads\/2021\/05\/Se-reune-Francisco-Martinez-Neri-con-integrantes-del-Sindicato-3-de-Marzo-4-1024x682.jpeg\" alt=\"\" class=\"wp-image-27681\" srcset=\"https:\/\/zonaroja.com.mx\/wp-content\/uploads\/2021\/05\/Se-reune-Francisco-Martinez-Neri-con-integrantes-del-Sindicato-3-de-Marzo-4-1024x682.jpeg 1024w, https:\/\/zonaroja.com.mx\/wp-content\/uploads\/2021\/05\/Se-reune-Francisco-Martinez-Neri-con-integrantes-del-Sindicato-3-de-Marzo-4-300x200.jpeg 300w, https:\/\/zonaroja.com.mx\/wp-content\/uploads\/2021\/05\/Se-reune-Francisco-Martinez-Neri-con-integrantes-del-Sindicato-3-de-Marzo-4-768x512.jpeg 768w, https:\/\/zonaroja.com.mx\/wp-content\/uploads\/2021\/05\/Se-reune-Francisco-Martinez-Neri-con-integrantes-del-Sindicato-3-de-Marzo-4-585x390.jpeg 585w, https:\/\/zonaroja.com.mx\/wp-content\/uploads\/2021\/05\/Se-reune-Francisco-Martinez-Neri-con-integrantes-del-Sindicato-3-de-Marzo-4-263x175.jpeg 263w, https:\/\/zonaroja.com.mx\/wp-content\/uploads\/2021\/05\/Se-reune-Francisco-Martinez-Neri-con-integrantes-del-Sindicato-3-de-Marzo-4.jpeg 1100w\" sizes=\"(max-width: 1024px) 100vw, 1024px\" \/><\/figure>\n\n\n\n<p>Indic\u00f3 que si bien se tiene que modernizar los trabajos, eso ser\u00e1 siempre acompa\u00f1ados de los integrantes del sindicato \u00ab3 de Marzo\u00bb, el cual aglutina a m\u00e1s de mil 200 trabajadores.<\/p>\n\n\n\n<p>Respecto a las pensiones, coment\u00f3 que se tiene la posibilidad de ganar primero la<\/p>\n\n\n\n<p>presidencia municipal, luego van a ganar como Morena el Congreso del Estado y desde el Congreso, se debe ayudar con los recursos suficientes para que no haya problemas con las pensiones, anex\u00f3.<\/p>\n\n\n\n<p>Dijo que los pensionados no deben estar mendigando lo que por ley les corresponde y lament\u00f3 qu\u00e9 hay quienes mueren sin haber recibido su finiquito.<\/p>\n\n\n\n<p>Es terrible que quienes hayan trabajado no pueden morir sin recibir lo que por ley les corresponde.<\/p>\n\n\n\n<p>Agreg\u00f3 que, siendo un hombre de izquierda, tiene que estar necesariamente de lado de los trabajadores.<\/p>\n\n\n\n<p>Adelant\u00f3 que buscar\u00e1 el apoyo del Congreso del Estado para que tengan sus pensiones correspondientes.<\/p>\n\n\n\n<p>Respecto al Contrato Colectivo de Trabajo, se\u00f1al\u00f3 que tienen derechos y estos deben ser respetados.<\/p>\n\n\n\n<p>Record\u00f3 que Jos\u00e9 Antonio Hern\u00e1ndez Fraguas, una vez dijo que hab\u00eda&nbsp; dinero para atender el asunto del fondos de pensiones; pero que&nbsp; ese dinero se us\u00f3 para hacer una encuesta para comerciantes informales de 5.7&nbsp; millones de pesos.<\/p>\n\n\n\n<p>\u201cEs momento de enarbolar banderas de libertad, banderas de progreso, banderas de bienestar para familias de nuestra gente, votemos de conciencia. Los convocar\u00e9 para caminar juntos, porque se trata de hablar, se trata de ser sinceros de ver qu\u00e9 se puede y que no se puede Mi pr\u00e1ctica de vida es ser solidario con la gente y no vamos hacer distintos\u201d, finaliz\u00f3.<\/p>\n\n\n\n<p>Por su parte los trabajadores del sindicato lo escucharon atentamente y agradecieron el tiempo que se dio para\u00a0 visitarlos e informales acerca de sus propuestas, se\u00f1alando que cuenta con su voto para las elecciones del pr\u00f3ximo 6 de junio.<\/p>\n\n\n\n<figure class=\"wp-block-embed-twitter wp-block-embed is-type-rich is-provider-twitter\"><div class=\"wp-block-embed__wrapper\">\n<div class=\"twitter-tweet\"><blockquote class=\"twitter-tweet\" data-lang=\"es\"><p lang=\"es\" dir=\"ltr\">Las y los trabajadores del \u00e1rea de barrido han estado al frente de esta emergencia sanitaria. Por ellos, asumo el compromiso de trabajar en unidad para hacer valer sus derechos laborales, sin privatizar los servicios que ofrecen.<a href=\"https:\/\/twitter.com\/hashtag\/VotoXNeriVotoXMORENA?src=hash&amp;ref_src=twsrc%5Etfw\">#VotoXNeriVotoXMORENA<\/a><a href=\"https:\/\/twitter.com\/hashtag\/OaxacaYaDecidi%C3%B3?src=hash&amp;ref_src=twsrc%5Etfw\">#OaxacaYaDecidi\u00f3<\/a> <a href=\"https:\/\/t.co\/7E8JGnf9iJ\">pic.twitter.com\/7E8JGnf9iJ<\/a><\/p>&mdash; Francisco Mtz. Neri (@FMartinezNeri) <a href=\"https:\/\/twitter.com\/FMartinezNeri\/status\/1397243173601226763?ref_src=twsrc%5Etfw\">25 de mayo de 2021<\/a><\/blockquote><\/div>\n<\/div><\/figure>\n","protected":false},"excerpt":{"rendered":"<p>Redacci\u00f3n\/Zona Roja. Oaxaca de Ju\u00e1rez, Oax., 25 de mayo de 2021.- El candidato a la&hellip;<\/p>\n","protected":false},"author":2,"featured_media":27682,"comment_status":"closed","ping_status":"open","sticky":false,"template":"","format":"standard","meta":{"_lmt_disableupdate":"","_lmt_disable":"","_jetpack_memberships_contains_paid_content":false,"footnotes":""},"categories":[109,46],"tags":[2418],"class_list":["post-27680","post","type-post","status-publish","format-standard","has-post-thumbnail","hentry","category-minuto-a-minuto","category-zona-blanca","tag-francisco-martinez-neri"],"jetpack_featured_media_url":"https:\/\/zonaroja.com.mx\/wp-content\/uploads\/2021\/05\/Se-reune-Francisco-Martinez-Neri-con-integrantes-del-Sindicato-3-de-Marzo-3.jpeg","jetpack_sharing_enabled":true,"_links":{"self":[{"href":"https:\/\/zonaroja.com.mx\/index.php?rest_route=\/wp\/v2\/posts\/27680","targetHints":{"allow":["GET"]}}],"collection":[{"href":"https:\/\/zonaroja.com.mx\/index.php?rest_route=\/wp\/v2\/posts"}],"about":[{"href":"https:\/\/zonaroja.com.mx\/index.php?rest_route=\/wp\/v2\/types\/post"}],"author":[{"embeddable":true,"href":"https:\/\/zonaroja.com.mx\/index.php?rest_route=\/wp\/v2\/users\/2"}],"replies":[{"embeddable":true,"href":"https:\/\/zonaroja.com.mx\/index.php?rest_route=%2Fwp%2Fv2%2Fcomments&post=27680"}],"version-history":[{"count":1,"href":"https:\/\/zonaroja.com.mx\/index.php?rest_route=\/wp\/v2\/posts\/27680\/revisions"}],"predecessor-version":[{"id":27683,"href":"https:\/\/zonaroja.com.mx\/index.php?rest_route=\/wp\/v2\/posts\/27680\/revisions\/27683"}],"wp:featuredmedia":[{"embeddable":true,"href":"https:\/\/zonaroja.com.mx\/index.php?rest_route=\/wp\/v2\/media\/27682"}],"wp:attachment":[{"href":"https:\/\/zonaroja.com.mx\/index.php?rest_route=%2Fwp%2Fv2%2Fmedia&parent=27680"}],"wp:term":[{"taxonomy":"category","embeddable":true,"href":"https:\/\/zonaroja.com.mx\/index.php?rest_route=%2Fwp%2Fv2%2Fcategories&post=27680"},{"taxonomy":"post_tag","embeddable":true,"href":"https:\/\/zonaroja.com.mx\/index.php?rest_route=%2Fwp%2Fv2%2Ftags&post=27680"}],"curies":[{"name":"wp","href":"https:\/\/api.w.org\/{rel}","templated":true}]}}