{"id":27684,"date":"2021-05-25T16:04:17","date_gmt":"2021-05-25T21:04:17","guid":{"rendered":"http:\/\/www.zonaroja.com.mx\/?p=27684"},"modified":"2021-05-25T16:04:21","modified_gmt":"2021-05-25T21:04:21","slug":"invasores-del-cerro-del-creston-agreden-nuevamente-a-ambientalistas","status":"publish","type":"post","link":"https:\/\/zonaroja.com.mx\/?p=27684","title":{"rendered":"Invasores del cerro del \u201cCrest\u00f3n\u201d agreden nuevamente a ambientalistas"},"content":{"rendered":"\n<p>Evlin Arag\u00f3n\/Zona Roja.<\/p>\n\n\n\n<p>Oaxaca de Ju\u00e1rez, Oax., 25 de mayo de 2021.- Un grupo de ambientalistas arrib\u00f3 este martes a la Defensor\u00eda de Derechos Humanos del Pueblo de Oaxaca (DDHPO) para hacer p\u00fablica la denuncia de agresiones f\u00edsicas de las que han sido v\u00edctimas, tras realizar su labor de reforestaci\u00f3n en el cerro del \u201cCrest\u00f3n\u201d, ubicado en la capital oaxaque\u00f1a.<\/p>\n\n\n\n<p>De acuerdo con el representante de la asociaci\u00f3n civil \u201cColmillo Blanco\u201d, Carlos Alberto Morales, el pasado fin de semana, ambientalistas y vecinos de la zona fueron atacados verbal y f\u00edsicamente por personas que se asumen como propietarias de un \u00e1rea natural protegida.<\/p>\n\n\n\n<p>\u201cEstamos haciendo presencia aqu\u00ed para platicar con el representante de la Comisi\u00f3n de Derechos Humanos con la intenci\u00f3n de que reciba nuestras denuncias, porque compa\u00f1eros nuestros que realizan campa\u00f1as de reforestaci\u00f3n en el cerro del \u201cCrest\u00f3n\u201d han sido agredidos y amenazados por presuntos due\u00f1os\u201d, dijo en entrevista.&nbsp;<\/p>\n\n\n\n<p>Sin importar que se trata de una zona natural protegida, desde hace meses ambientalistas han dado a conocer la invasi\u00f3n de estas tierras, de ah\u00ed que pidieron medidas cautelares para evitar que se siga haciendo mal uso de estas y se ponga en riesgo el ecosistema.&nbsp;<\/p>\n\n\n\n<p>\u201cNos han expulsado y han pisoteado los trabajos que hacemos de reforestaci\u00f3n, inclusos aseguraron que cuenta con t\u00edtulos de propiedad\u201d, a\u00f1adi\u00f3.&nbsp;<\/p>\n\n\n\n<p>Por lo anterior, solicit\u00f3 el respeto a los derechos de los ambientalistas, que, con recursos propios buscan mantener los pocos pulmones que le quedan a la ciudad capital y que, lejos de ser cuidados por las autoridades est\u00e1n siendo invadidos de manera indiscriminada.&nbsp;&nbsp;<\/p>\n\n\n\n<p>Carlos Alberto asegur\u00f3 que las v\u00edctimas directas ya eval\u00faan interponer una denuncia ante la Fiscal\u00eda General del Estado, particularmente debido a la agresi\u00f3n f\u00edsica de la que fueron v\u00edctimas.&nbsp;<\/p>\n\n\n\n<p>La problem\u00e1tica en la zona no es reciente, ya que en octubre del a\u00f1o pasado decenas de personas se concentraron en inmediaciones del cerro del \u201cCrest\u00f3n\u201d, para mostrar su oposici\u00f3n a la idea de fraccionar la zona para la construcci\u00f3n de viviendas y exigir el rescate del \u00e1rea verde.&nbsp;<\/p>\n\n\n\n<p>Agrupados en el Consejo por la Defensa del Cerro del Crest\u00f3n, de reciente creaci\u00f3n, denunciaron la gravedad que representa la destrucci\u00f3n de una parte del cerro, ya que se trata de los pocos pulmones que le quedan a la ciudad por lo que exigieron la redefinici\u00f3n del \u00e1rea protegida, as\u00ed como su buen manejo y conservaci\u00f3n.&nbsp;&nbsp;<\/p>\n\n\n\n<p>Mientras que, en febrero del mismo a\u00f1o, al menos una docena de integrantes de la organizaci\u00f3n \u201cColmillo Blanco\u201d y activistas en defensa del medio ambiente demandaron la presencia de elementos de la Guardia Nacional para preservar las \u00e1reas naturales protegidas ubicadas en la capital del estado.<\/p>\n","protected":false},"excerpt":{"rendered":"<p>Evlin Arag\u00f3n\/Zona Roja. Oaxaca de Ju\u00e1rez, Oax., 25 de mayo de 2021.- Un grupo de&hellip;<\/p>\n","protected":false},"author":2,"featured_media":27685,"comment_status":"closed","ping_status":"open","sticky":false,"template":"","format":"standard","meta":{"_lmt_disableupdate":"","_lmt_disable":"","_jetpack_memberships_contains_paid_content":false,"footnotes":""},"categories":[109,46],"tags":[2703],"class_list":["post-27684","post","type-post","status-publish","format-standard","has-post-thumbnail","hentry","category-minuto-a-minuto","category-zona-blanca","tag-carlos-alberto-morales"],"jetpack_featured_media_url":"https:\/\/zonaroja.com.mx\/wp-content\/uploads\/2021\/05\/Carlos-Alberto-Morales-colmillo-blanco.jpg","jetpack_sharing_enabled":true,"_links":{"self":[{"href":"https:\/\/zonaroja.com.mx\/index.php?rest_route=\/wp\/v2\/posts\/27684","targetHints":{"allow":["GET"]}}],"collection":[{"href":"https:\/\/zonaroja.com.mx\/index.php?rest_route=\/wp\/v2\/posts"}],"about":[{"href":"https:\/\/zonaroja.com.mx\/index.php?rest_route=\/wp\/v2\/types\/post"}],"author":[{"embeddable":true,"href":"https:\/\/zonaroja.com.mx\/index.php?rest_route=\/wp\/v2\/users\/2"}],"replies":[{"embeddable":true,"href":"https:\/\/zonaroja.com.mx\/index.php?rest_route=%2Fwp%2Fv2%2Fcomments&post=27684"}],"version-history":[{"count":1,"href":"https:\/\/zonaroja.com.mx\/index.php?rest_route=\/wp\/v2\/posts\/27684\/revisions"}],"predecessor-version":[{"id":27686,"href":"https:\/\/zonaroja.com.mx\/index.php?rest_route=\/wp\/v2\/posts\/27684\/revisions\/27686"}],"wp:featuredmedia":[{"embeddable":true,"href":"https:\/\/zonaroja.com.mx\/index.php?rest_route=\/wp\/v2\/media\/27685"}],"wp:attachment":[{"href":"https:\/\/zonaroja.com.mx\/index.php?rest_route=%2Fwp%2Fv2%2Fmedia&parent=27684"}],"wp:term":[{"taxonomy":"category","embeddable":true,"href":"https:\/\/zonaroja.com.mx\/index.php?rest_route=%2Fwp%2Fv2%2Fcategories&post=27684"},{"taxonomy":"post_tag","embeddable":true,"href":"https:\/\/zonaroja.com.mx\/index.php?rest_route=%2Fwp%2Fv2%2Ftags&post=27684"}],"curies":[{"name":"wp","href":"https:\/\/api.w.org\/{rel}","templated":true}]}}