{"id":27688,"date":"2021-05-25T16:11:52","date_gmt":"2021-05-25T21:11:52","guid":{"rendered":"http:\/\/www.zonaroja.com.mx\/?p=27688"},"modified":"2021-05-25T17:07:50","modified_gmt":"2021-05-25T22:07:50","slug":"firma-jesus-ruiz-de-fuerza-por-mexico-pacto-por-la-primera-infancia","status":"publish","type":"post","link":"https:\/\/zonaroja.com.mx\/?p=27688","title":{"rendered":"Firma Jes\u00fas Ruiz, de Fuerza por M\u00e9xico, Pacto por la Primera Infancia"},"content":{"rendered":"\n<p>Yuridiana Sosa\/Zona Roja.<\/p>\n\n\n\n<p>Oaxaca de Ju\u00e1rez, Oax., 25 de mayo de 2021.- Como muestra de su responsabilidad y compromiso con la ni\u00f1ez oaxaque\u00f1a, Jes\u00fas Ruiz Olmedo, candidato a la presidencia de Oaxaca de Ju\u00e1rez de Fuerza por M\u00e9xico, firm\u00f3 el Pacto por la Primera Infancia.<\/p>\n\n\n\n<p>Se trata de una iniciativa ciudadana a nivel nacional que trabaja para que la primera infancia sea una prioridad en M\u00e9xico en la agenda pol\u00edtica y de las pol\u00edticas de los aspirantes a servidores p\u00fablicos.<\/p>\n\n\n\n<p>De forma p\u00fablica, ante los representantes de Pacto por la Primera Infancia en Oaxaca, el candidato reafirm\u00f3 su compromiso por este sector de la sociedad contemplado en las propuestas de sus ejes de campa\u00f1a.<\/p>\n\n\n\n<p><div class=\"twitter-tweet\"><blockquote class=\"twitter-tweet\" data-lang=\"es\"><p lang=\"es\" dir=\"ltr\">Este martes, el candidato a edil de Oaxaca de Ju\u00e1rez, de Fuerza por M\u00e9xico, <a href=\"https:\/\/twitter.com\/ruizolmedojesus?ref_src=twsrc%5Etfw\">@ruizolmedojesus<\/a>, firm\u00f3 el Pacto por la Primera Infancia, en que se compromete a brindar todo su respaldo a ni\u00f1as y ni\u00f1os. <a href=\"https:\/\/t.co\/JdMeTKe5ML\">pic.twitter.com\/JdMeTKe5ML<\/a><\/p>&mdash; Zona Roja Oaxaca (@Zona_Roja_Oax) <a href=\"https:\/\/twitter.com\/Zona_Roja_Oax\/status\/1397312566033006596?ref_src=twsrc%5Etfw\">25 de mayo de 2021<\/a><\/blockquote><\/div><\/p>\n\n\n\n<p>Durante el gobierno que logre encabezar, se comprometi\u00f3 a llevar acciones a favor de una sociedad incluyente, en la que participe la ni\u00f1ez y para la cual se tienen previstas actividades que los involucren e impulsen en las artes y el deporte. Adem\u00e1s de generar espacios de recreaci\u00f3n en las 13 agencias municipales de la capital.<\/p>\n\n\n\n<p>Ruiz Olmedo apunt\u00f3 que ahora m\u00e1s que antes, es prioridad la atenci\u00f3n a las ni\u00f1as y ni\u00f1os, pues ante la pandemia de Covid-19 est\u00e1n creciendo con limitaciones sociales y en confinamiento.<\/p>\n\n\n\n<p>La representante en Oaxaca de Pacto por la Primera Infancia, Martha Araceli Cruz Jim\u00e9nez, celebr\u00f3 que el candidato haya aceptado la invitaci\u00f3n a firmar este compromiso que cada proceso de elecciones se lleva a cabo.<\/p>\n\n\n\n<p>Quienes integran esta organizaci\u00f3n nacional tambi\u00e9n tienen el compromiso de ser vigilantes de que las acciones a favor de la ni\u00f1ez se cumplan.<\/p>\n","protected":false},"excerpt":{"rendered":"<p>Yuridiana Sosa\/Zona Roja. Oaxaca de Ju\u00e1rez, Oax., 25 de mayo de 2021.- Como muestra de&hellip;<\/p>\n","protected":false},"author":2,"featured_media":27689,"comment_status":"closed","ping_status":"open","sticky":false,"template":"","format":"standard","meta":{"_lmt_disableupdate":"","_lmt_disable":"","_jetpack_memberships_contains_paid_content":false,"footnotes":""},"categories":[109,46],"tags":[2654],"class_list":["post-27688","post","type-post","status-publish","format-standard","has-post-thumbnail","hentry","category-minuto-a-minuto","category-zona-blanca","tag-jesus-ruiz-olmedo"],"jetpack_featured_media_url":"https:\/\/zonaroja.com.mx\/wp-content\/uploads\/2021\/05\/Jesus-Ruiz-Olmedo-7.jpg","jetpack_sharing_enabled":true,"_links":{"self":[{"href":"https:\/\/zonaroja.com.mx\/index.php?rest_route=\/wp\/v2\/posts\/27688","targetHints":{"allow":["GET"]}}],"collection":[{"href":"https:\/\/zonaroja.com.mx\/index.php?rest_route=\/wp\/v2\/posts"}],"about":[{"href":"https:\/\/zonaroja.com.mx\/index.php?rest_route=\/wp\/v2\/types\/post"}],"author":[{"embeddable":true,"href":"https:\/\/zonaroja.com.mx\/index.php?rest_route=\/wp\/v2\/users\/2"}],"replies":[{"embeddable":true,"href":"https:\/\/zonaroja.com.mx\/index.php?rest_route=%2Fwp%2Fv2%2Fcomments&post=27688"}],"version-history":[{"count":2,"href":"https:\/\/zonaroja.com.mx\/index.php?rest_route=\/wp\/v2\/posts\/27688\/revisions"}],"predecessor-version":[{"id":27692,"href":"https:\/\/zonaroja.com.mx\/index.php?rest_route=\/wp\/v2\/posts\/27688\/revisions\/27692"}],"wp:featuredmedia":[{"embeddable":true,"href":"https:\/\/zonaroja.com.mx\/index.php?rest_route=\/wp\/v2\/media\/27689"}],"wp:attachment":[{"href":"https:\/\/zonaroja.com.mx\/index.php?rest_route=%2Fwp%2Fv2%2Fmedia&parent=27688"}],"wp:term":[{"taxonomy":"category","embeddable":true,"href":"https:\/\/zonaroja.com.mx\/index.php?rest_route=%2Fwp%2Fv2%2Fcategories&post=27688"},{"taxonomy":"post_tag","embeddable":true,"href":"https:\/\/zonaroja.com.mx\/index.php?rest_route=%2Fwp%2Fv2%2Ftags&post=27688"}],"curies":[{"name":"wp","href":"https:\/\/api.w.org\/{rel}","templated":true}]}}