{"id":27696,"date":"2021-05-25T20:34:19","date_gmt":"2021-05-26T01:34:19","guid":{"rendered":"http:\/\/www.zonaroja.com.mx\/?p=27696"},"modified":"2021-05-25T20:34:23","modified_gmt":"2021-05-26T01:34:23","slug":"exigen-al-registro-civil-cumplir-orden-de-juez-y-corregir-alteracion-de-identidad","status":"publish","type":"post","link":"https:\/\/zonaroja.com.mx\/?p=27696","title":{"rendered":"Exigen al Registro Civil cumplir orden de juez y corregir alteraci\u00f3n de identidad"},"content":{"rendered":"\n<p>Yuridiana Sosa\/Zona Roja.<\/p>\n\n\n\n<p>Oaxaca de Ju\u00e1rez, Oax., 25 de mayo de 2021.- El Registro Civil del Estado de Oaxaca, en conjunto con el Registro P\u00fablico de la Propiedad, borraron y usurparon la identidad de una familia, para presuntamente despojarlos de sus bienes muebles entre los a\u00f1os 2018 y 2019, pero a pesar de resoluciones judiciales la instancia de registro de actas de nacimiento se niega a su reinscripci\u00f3n.<\/p>\n\n\n\n<p>En conferencia de prensa, los hermanos agraviados, Caleb G\u00f3mez Conzatti y Mart\u00ednez y Ashmar G\u00f3mez Conzatti y Mart\u00ednez, en representaci\u00f3n de otro hermano y su madre, Herb\u00e9 G\u00f3mez Conzatti y Mart\u00ednez y Guadalupe Mart\u00ednez Ram\u00edrez, detallaron los hechos por los que exigen justicia.<\/p>\n\n\n\n<p>La familia present\u00f3 este martes una queja ante la Defensor\u00eda de los Derechos Humanos del Pueblo de Oaxaca (DDHPO) por violaci\u00f3n sistem\u00e1tica de derechos humanos, como a la identidad, a decidir libremente a tener una familia, as\u00ed como en el atributo a la propiedad.<\/p>\n\n\n\n<p>Los hermanos Caleb y Ashmar apuntaron que los hechos ocurrieron entre los a\u00f1os 2018 y 2019 \u2013 cuando Christian Hern\u00e1ndez Fuentes era el titular- pero se percataron del acto en septiembre de 2020, desde cuando mantienen una pelea legal para defender sus identidades y patrimonio.<\/p>\n\n\n\n<p>Sus registros fueron borrados de los libros originales del Archivo Central. En el \u00edndice aparecen sus nombres, pero en el interior las hojas fueron arrancadas y se sobrepusieron hojas con los registros dieron falsos a nombre de Garcia Ru\u00edz Amadeo, Carlos Morales Montes y Gabriel Pe\u00f1a Hern\u00e1ndez, as\u00ed determinado por la Fiscal\u00eda General de la Rep\u00fablica.<\/p>\n\n\n\n<p>Desde el momento que se percataron de su desaparici\u00f3n ante el Registro Civil solicitaron un amparo del Poder Judicial de la Federaci\u00f3n y presentaron denuncia de hechos ante la Fiscal\u00eda General del Estado (FGEO), con el expediente 34584\/FVCE\/OAXACA\/2020.<\/p>\n\n\n\n<p>El Juzgado Segundo de Distrito, a donde se turn\u00f3 el caso con n\u00famero 575\/2020, concedi\u00f3 la Suspensi\u00f3n Definitiva para efectos que los reinscriban en los libros y sistemas del Registro Civil.<\/p>\n\n\n\n<figure class=\"wp-block-embed-twitter wp-block-embed is-type-rich is-provider-twitter\"><div class=\"wp-block-embed__wrapper\">\n<div class=\"twitter-tweet\"><blockquote class=\"twitter-tweet\" data-lang=\"es\"><p lang=\"es\" dir=\"ltr\"><a href=\"https:\/\/twitter.com\/hashtag\/ENVIVO?src=hash&amp;ref_src=twsrc%5Etfw\">#ENVIVO<\/a> <br>Oaxaca de Ju\u00e1rez, Oax.. 25 de mayo de 2021.- Conferencia de prensa de presuntos afectados por cambio de identidad por parte de la Direcci\u00f3n del Registro Civil de Oaxaca.<br>Siga la transmisi\u00f3n aqu\u00ed: <br>\ud83d\udc47<a href=\"https:\/\/t.co\/aKnQnbmQab\">https:\/\/t.co\/aKnQnbmQab<\/a> <a href=\"https:\/\/t.co\/s8Zu3IX5gk\">pic.twitter.com\/s8Zu3IX5gk<\/a><\/p>&mdash; Zona Roja Oaxaca (@Zona_Roja_Oax) <a href=\"https:\/\/twitter.com\/Zona_Roja_Oax\/status\/1397255358796677137?ref_src=twsrc%5Etfw\">25 de mayo de 2021<\/a><\/blockquote><\/div>\n<\/div><\/figure>\n\n\n\n<p>Pero, el jur\u00eddico de esa dependencia de forma temeraria se niega a acatar plenamente la resoluci\u00f3n e insiste en que no procede la re-inscripci\u00f3n.<\/p>\n\n\n\n<p>La queja presentada ante la DDHPO, apuntaron, se hace ante la constante y frontal oposici\u00f3n de las autoridades para cumplir con el amparo federal, pues ayer el Segundo Juzgado de Distrito, por tercera vez, llam\u00f3 al titular del Registro Civil a cumplir.<\/p>\n\n\n\n<p>La orden es para que en el transcurso de 24 horas debe reconocer la personalidad de los hermanos G\u00f3mez Conzatti y Mart\u00ednez y su madre, Guadalupe Mart\u00ednez Ram\u00edrez.<\/p>\n\n\n\n<p>La propiedad de la que se pretende despojar a la familia se ubica en las calles de Morelos y Quintana Roo en el Centro Hist\u00f3rico de la capital del estado.<\/p>\n\n\n\n<p>Sobre su propiedad, detallaron que cuentan con certificaciones de la propiedad, expediente digitalizado, historial traslativo, certificaci\u00f3n del propietario con fechas de septiembre y octubre, pero el 25 de noviembre \u201cdesaparece\u201d sus inmuebles.<\/p>\n\n\n\n<p>La familia afectada exige a las autoridades de justicia que se investigue y castigue a los responsables, mientras que al Registro Civil demandaron el deslinde de responsabilidades dentro de la dependencia.<\/p>\n","protected":false},"excerpt":{"rendered":"<p>Yuridiana Sosa\/Zona Roja. Oaxaca de Ju\u00e1rez, Oax., 25 de mayo de 2021.- El Registro Civil&hellip;<\/p>\n","protected":false},"author":2,"featured_media":27697,"comment_status":"closed","ping_status":"open","sticky":false,"template":"","format":"standard","meta":{"_lmt_disableupdate":"","_lmt_disable":"","_jetpack_memberships_contains_paid_content":false,"footnotes":""},"categories":[109,47],"tags":[1379],"class_list":["post-27696","post","type-post","status-publish","format-standard","has-post-thumbnail","hentry","category-minuto-a-minuto","category-zona-gris","tag-direccion-del-registro-civil-de-oaxaca"],"jetpack_featured_media_url":"https:\/\/zonaroja.com.mx\/wp-content\/uploads\/2021\/05\/Conferencia-identidad-Conzatti.jpg","jetpack_sharing_enabled":true,"_links":{"self":[{"href":"https:\/\/zonaroja.com.mx\/index.php?rest_route=\/wp\/v2\/posts\/27696","targetHints":{"allow":["GET"]}}],"collection":[{"href":"https:\/\/zonaroja.com.mx\/index.php?rest_route=\/wp\/v2\/posts"}],"about":[{"href":"https:\/\/zonaroja.com.mx\/index.php?rest_route=\/wp\/v2\/types\/post"}],"author":[{"embeddable":true,"href":"https:\/\/zonaroja.com.mx\/index.php?rest_route=\/wp\/v2\/users\/2"}],"replies":[{"embeddable":true,"href":"https:\/\/zonaroja.com.mx\/index.php?rest_route=%2Fwp%2Fv2%2Fcomments&post=27696"}],"version-history":[{"count":1,"href":"https:\/\/zonaroja.com.mx\/index.php?rest_route=\/wp\/v2\/posts\/27696\/revisions"}],"predecessor-version":[{"id":27698,"href":"https:\/\/zonaroja.com.mx\/index.php?rest_route=\/wp\/v2\/posts\/27696\/revisions\/27698"}],"wp:featuredmedia":[{"embeddable":true,"href":"https:\/\/zonaroja.com.mx\/index.php?rest_route=\/wp\/v2\/media\/27697"}],"wp:attachment":[{"href":"https:\/\/zonaroja.com.mx\/index.php?rest_route=%2Fwp%2Fv2%2Fmedia&parent=27696"}],"wp:term":[{"taxonomy":"category","embeddable":true,"href":"https:\/\/zonaroja.com.mx\/index.php?rest_route=%2Fwp%2Fv2%2Fcategories&post=27696"},{"taxonomy":"post_tag","embeddable":true,"href":"https:\/\/zonaroja.com.mx\/index.php?rest_route=%2Fwp%2Fv2%2Ftags&post=27696"}],"curies":[{"name":"wp","href":"https:\/\/api.w.org\/{rel}","templated":true}]}}