{"id":27699,"date":"2021-05-25T20:49:16","date_gmt":"2021-05-26T01:49:16","guid":{"rendered":"http:\/\/www.zonaroja.com.mx\/?p=27699"},"modified":"2021-05-25T20:49:19","modified_gmt":"2021-05-26T01:49:19","slug":"habra-guelaguetza-este-ano-en-oaxaca-ya-hay-imagen-oficial","status":"publish","type":"post","link":"https:\/\/zonaroja.com.mx\/?p=27699","title":{"rendered":"\u00bfHabr\u00e1 Guelaguetza este a\u00f1o en Oaxaca?; ya hay imagen oficial"},"content":{"rendered":"\n<p>Redacci\u00f3n\/Zona Roja.<\/p>\n\n\n\n<p>Oaxaca de Ju\u00e1rez, Oax., 25 de mayo de 2021.- Los preparativos para la Guelaguetza 2021 ya comenzaron, una vez que el estado de Oaxaca se mantiene en sem\u00e1foro epidemiol\u00f3gico verde por Covid-19.<\/p>\n\n\n\n<p>Este martes, en un comunicado, se dio a conocer la imagen de la m\u00e1xima fiesta folcl\u00f3rica de este a\u00f1o, titulada \u201cGuelaguetza, ofrenda de un mismo coraz\u00f3n\u201d, del artista pl\u00e1stico Erwis F. Rodr\u00edguez, que gan\u00f3 la convocatoria estatal para la selecci\u00f3n de la misma que emiti\u00f3 el Gobierno del Estado a trav\u00e9s de la Secretar\u00eda de Turismo.<\/p>\n\n\n\n<p>\u201cLa selecci\u00f3n de la obra que representar\u00e1 Julio, Mes de la Guelaguetza, es el inicio de una fiesta que trasciende la historia y se alberga en el coraz\u00f3n de las y los oaxaque\u00f1os, as\u00ed como de miles de visitantes nacionales y extranjeros que se alegran con las tradiciones de Oaxaca\u201d, expuso.<\/p>\n\n\n\n<p>Al igual que en el 2020, este a\u00f1o se realiz\u00f3 la convocatoria de la imagen para identificar todas las actividades que se lleven a cabo en el marco de las fiestas \u201cque se realizar\u00e1n de acuerdo a lo que determinen las autoridades sanitarias\u201d para salvaguardar la salud de habitantes y visitantes ante la pandemia por el Covid-19.&nbsp;<\/p>\n\n\n\n<p>La imagen fue seleccionada entre 54 obras que respondieron a la convocatoria correspondiente y en la que participaron personas dedicadas a las artes pl\u00e1sticas, como son la pintura, escultura y fotograf\u00eda, as\u00ed como estudiantes en estas disciplinas en busca de la oportunidad de representar Oaxaca a nivel estatal, nacional e internacional.<\/p>\n\n\n\n<p>La convocatoria se abri\u00f3 en el mes de diciembre del 2020 y cerr\u00f3 el pasado mes de febrero, posteriormente un jurado conformado por personas expertas en artes gr\u00e1ficas, integrantes del Comit\u00e9 de Autenticidad y organizadores de las festividades de los Lunes del Cerro, seleccionaron la imagen representativa.<\/p>\n\n\n\n<p>\u201cEl significado central de mi obra se enfoca en una sola cosa: Guendalizaa -cooperar-, una ofrenda de todas las regiones de nuestro estado entregada de todo coraz\u00f3n por las y los oaxaque\u00f1os, siendo ofrecida al pa\u00eds y al mundo entero\u201d, se\u00f1al\u00f3 Erwis F\u00e9lix Rodr\u00edguez Herrera autor de la obra ganadora realizada en \u00f3leo sobre lienzo.<\/p>\n\n\n\n<p>El artista originario de San Pablo Huixtepec, detall\u00f3 que su pintura representa el ofrecimiento de las riquezas culturales, gastron\u00f3micas y danc\u00edsticas del estado para las&nbsp; oaxaque\u00f1as, oaxaque\u00f1os y visitantes; as\u00ed como la alegr\u00eda con que se reciben estas ofrendas y la uni\u00f3n del pueblo en un solo coraz\u00f3n que baila, canta y da lo mejor que tiene.<\/p>\n\n\n\n<p>El pintor emergente oaxaque\u00f1o de 31 a\u00f1os de edad, cuyo estilo corresponde al realismo m\u00e1gico, a lo largo de su trayectoria ha realizado exposiciones individuales y colectivas en diferentes lugares de la entidad y fuera de ella; as\u00ed como la m\u00e1s reciente en el a\u00f1o 2020 en Houston, Texas.<\/p>\n\n\n\n<p>Su formaci\u00f3n en las artes pl\u00e1sticas inici\u00f3 en la Casa de la Cultura Huitztli de San Pablo Huixtepec; as\u00ed como en la Casa de la Cultura Oaxaque\u00f1a. Posteriormente curs\u00f3&nbsp; la Licenciatura en Artes Visuales y Pl\u00e1sticas en la Escuela de Bellas Artes, adem\u00e1s de distintos talleres de arte pict\u00f3rico.<\/p>\n\n\n\n<p>Como lo establecen las bases del concurso, las obras participantes se mostrar\u00e1n y la ganadora, ser\u00e1 el distintivo de todas las actividades que se ser realicen en el marco de las fiestas de Julio, Mes de la Guelaguetza.<\/p>\n","protected":false},"excerpt":{"rendered":"<p>Redacci\u00f3n\/Zona Roja. Oaxaca de Ju\u00e1rez, Oax., 25 de mayo de 2021.- Los preparativos para la&hellip;<\/p>\n","protected":false},"author":2,"featured_media":27700,"comment_status":"closed","ping_status":"open","sticky":false,"template":"","format":"standard","meta":{"_lmt_disableupdate":"","_lmt_disable":"","_jetpack_memberships_contains_paid_content":false,"footnotes":""},"categories":[109,46],"tags":[2704],"class_list":["post-27699","post","type-post","status-publish","format-standard","has-post-thumbnail","hentry","category-minuto-a-minuto","category-zona-blanca","tag-guelaguetza-oaxaca-2021"],"jetpack_featured_media_url":"https:\/\/zonaroja.com.mx\/wp-content\/uploads\/2021\/05\/Imagen-Guelaguetza-2021.jpg","jetpack_sharing_enabled":true,"_links":{"self":[{"href":"https:\/\/zonaroja.com.mx\/index.php?rest_route=\/wp\/v2\/posts\/27699","targetHints":{"allow":["GET"]}}],"collection":[{"href":"https:\/\/zonaroja.com.mx\/index.php?rest_route=\/wp\/v2\/posts"}],"about":[{"href":"https:\/\/zonaroja.com.mx\/index.php?rest_route=\/wp\/v2\/types\/post"}],"author":[{"embeddable":true,"href":"https:\/\/zonaroja.com.mx\/index.php?rest_route=\/wp\/v2\/users\/2"}],"replies":[{"embeddable":true,"href":"https:\/\/zonaroja.com.mx\/index.php?rest_route=%2Fwp%2Fv2%2Fcomments&post=27699"}],"version-history":[{"count":1,"href":"https:\/\/zonaroja.com.mx\/index.php?rest_route=\/wp\/v2\/posts\/27699\/revisions"}],"predecessor-version":[{"id":27701,"href":"https:\/\/zonaroja.com.mx\/index.php?rest_route=\/wp\/v2\/posts\/27699\/revisions\/27701"}],"wp:featuredmedia":[{"embeddable":true,"href":"https:\/\/zonaroja.com.mx\/index.php?rest_route=\/wp\/v2\/media\/27700"}],"wp:attachment":[{"href":"https:\/\/zonaroja.com.mx\/index.php?rest_route=%2Fwp%2Fv2%2Fmedia&parent=27699"}],"wp:term":[{"taxonomy":"category","embeddable":true,"href":"https:\/\/zonaroja.com.mx\/index.php?rest_route=%2Fwp%2Fv2%2Fcategories&post=27699"},{"taxonomy":"post_tag","embeddable":true,"href":"https:\/\/zonaroja.com.mx\/index.php?rest_route=%2Fwp%2Fv2%2Ftags&post=27699"}],"curies":[{"name":"wp","href":"https:\/\/api.w.org\/{rel}","templated":true}]}}