{"id":2770,"date":"2019-08-02T18:17:40","date_gmt":"2019-08-02T23:17:40","guid":{"rendered":"http:\/\/www.zonaroja.com.mx\/?p=2770"},"modified":"2019-08-02T18:17:42","modified_gmt":"2019-08-02T23:17:42","slug":"suman-14-meses-sin-justiciaparasol-cruz-jarquin","status":"publish","type":"post","link":"https:\/\/zonaroja.com.mx\/?p=2770","title":{"rendered":"Suman 14 meses sin #JusticiaParaSol Cruz Jarqu\u00edn"},"content":{"rendered":"\n<p>Redacci\u00f3n\/Zona\nRoja. <\/p>\n\n\n\n<p>Oaxaca de\nJu\u00e1rez, Oax., 2 de agosto de 2019.- Este viernes se cumplieron 14 meses del\nasesinato de la fotorreportera Mar\u00eda del Sol Cruz Jarqu\u00edn, luego de ser\ncomisionada desde la Secretar\u00eda de Asuntos Ind\u00edgenas para dar cobertura a la\ncampa\u00f1a electoral de Hageo Montero L\u00f3pez, en Juchit\u00e1n de Zaragoza. <\/p>\n\n\n\n<p>A trav\u00e9s de sus\nredes sociales, la madre de la joven, la periodista Soledad Jarqu\u00edn Edgar,\nrecord\u00f3 a la m\u00e1s peque\u00f1a de sus hijas con un emotivo mensaje en el que reprocha\nla falta de acci\u00f3n por parte de las autoridades para obtener la justicia\nanhelada. <\/p>\n\n\n\n<p>\u201cSon 14\nmeses de tu ausencia, de vivir con tu recuerdo e invocar tu alegr\u00eda, as\u00ed me\nsostengo, mirando esa distancia y escuchando el silencio de tus palabras no\ndichas, mientras busco en mi memoria tu voz, mientras aqu\u00ed no pasa nada, nada\u201d,\ncita en su mensaje.<\/p>\n\n\n\n<p>As\u00ed mismo, refiere c\u00f3mo han sido estos meses sin su peque\u00f1a y como ha tenido que seguir adelante. <\/p>\n\n\n\n<figure class=\"wp-block-image\"><img decoding=\"async\" width=\"1024\" height=\"639\" src=\"http:\/\/www.zonaroja.com.mx\/wp-content\/uploads\/2019\/08\/Mar\u00eda-del-Sol-Cruz-Jarqu\u00edn-2-1024x639.jpg\" alt=\"\" class=\"wp-image-2771\" srcset=\"https:\/\/zonaroja.com.mx\/wp-content\/uploads\/2019\/08\/Mar\u00eda-del-Sol-Cruz-Jarqu\u00edn-2-1024x639.jpg 1024w, https:\/\/zonaroja.com.mx\/wp-content\/uploads\/2019\/08\/Mar\u00eda-del-Sol-Cruz-Jarqu\u00edn-2-300x187.jpg 300w, https:\/\/zonaroja.com.mx\/wp-content\/uploads\/2019\/08\/Mar\u00eda-del-Sol-Cruz-Jarqu\u00edn-2-768x479.jpg 768w, https:\/\/zonaroja.com.mx\/wp-content\/uploads\/2019\/08\/Mar\u00eda-del-Sol-Cruz-Jarqu\u00edn-2-585x365.jpg 585w, https:\/\/zonaroja.com.mx\/wp-content\/uploads\/2019\/08\/Mar\u00eda-del-Sol-Cruz-Jarqu\u00edn-2.jpg 1115w\" sizes=\"(max-width: 1024px) 100vw, 1024px\" \/><\/figure>\n\n\n\n<p>\u201cTe recuerdo\ny honro en este d\u00eda, y cada d\u00eda, porque haces mucha falta. La memoria persiste\ny yo me aferro a ella, me abrazo a las cosas que tocaste y sigo leyendo tus\npeque\u00f1os recados y versos que escribiste. Pienso que lo hiciste de manera\nintencional, como esa canci\u00f3n, como esos retratos que detienen tu mirada.<\/p>\n\n\n\n<p>\u201cEscucho tus\npasos, me traiciona la verdad, creo que al fin llegas de ese viaje. Despu\u00e9s\nrespiro y entonces te siento, s\u00e9 que sigues abrazada a mi coraz\u00f3n\u201d, concluye.<\/p>\n\n\n\n<p>Desde hace\n14 meses, la periodista ha salido a las calles para exigir justicia ante unas\nautoridades que se han mostrado m\u00e1s preocupadas por su imagen que por dar respuesta\na una madre que perdi\u00f3 a su hija.<\/p>\n\n\n\n<p>Muestra de\nello fue el retiro inmediato de los espectaculares que en el mes de junio\npasado se colocaron en tres puntos de la ciudad y que acusaban de forma directa\nal gobernador Alejandro Murat y el fiscal Rub\u00e9n Vasconcelos de c\u00f3mplices y\nresponsables de la impunidad.<\/p>\n\n\n\n<p>Al respecto,\nla Fiscal\u00eda General del Estado, encabezada por Rub\u00e9n Vasconcelos M\u00e9ndez, no ha\ndado a conocer avances en las indagatorias, mucho menos por el gobernador de\nOaxaca, Alejandro Murat Hinojosa, quien a\u00fan tiene pendiente sancionar a su ex\nfuncionario Francisco Montero L\u00f3pez, responsable de que la joven fot\u00f3grafa\nestuviera en la regi\u00f3n del Istmo. <\/p>\n\n\n\n<p>Lo anterior\npese a que los tribunales electorales han reconocido la existencia de un delito\nya que Mar\u00eda del Sol, fue comisionada ilegalmente para cubrir la campa\u00f1a\npol\u00edtica del actual regidor de Energ\u00eda Renovable de Juchit\u00e1n por \u00f3rdenes de su\nhermano Francisco Montero, ex titular de la Secretar\u00eda de Asuntos Ind\u00edgenas\n(SAI), donde la joven era encargada del departamento de Comunicaci\u00f3n.<\/p>\n\n\n\n<p>Fue el 2 de\njunio de 2018, en un ataque armado en el que muri\u00f3 la joven, as\u00ed como la\ncandidata a segunda concejal de Juchit\u00e1n, Pamela Ter\u00e1n y su chofer, Adelfo\nGuerra. Dos personas han sido detenidas por los hechos, uno logr\u00f3 su libertad\nante las deficiencias de la Fiscal\u00eda&nbsp;\npara integrar la acusaci\u00f3n y del segundo a\u00fan no hay datos oficiales\nsobre su situaci\u00f3n jur\u00eddica.<\/p>\n","protected":false},"excerpt":{"rendered":"<p>Redacci\u00f3n\/Zona Roja. Oaxaca de Ju\u00e1rez, Oax., 2 de agosto de 2019.- Este viernes se cumplieron&hellip;<\/p>\n","protected":false},"author":2,"featured_media":2772,"comment_status":"closed","ping_status":"open","sticky":false,"template":"","format":"standard","meta":{"_lmt_disableupdate":"","_lmt_disable":"","_jetpack_memberships_contains_paid_content":false,"footnotes":""},"categories":[109,47],"tags":[459],"class_list":["post-2770","post","type-post","status-publish","format-standard","has-post-thumbnail","hentry","category-minuto-a-minuto","category-zona-gris","tag-14-meses-sin-justicia-para-maria-del-sol-cruz-jarquin"],"jetpack_featured_media_url":"https:\/\/zonaroja.com.mx\/wp-content\/uploads\/2019\/08\/Mar\u00eda-del-Sol-Cruz-Jarqu\u00edn-1.jpg","jetpack_sharing_enabled":true,"_links":{"self":[{"href":"https:\/\/zonaroja.com.mx\/index.php?rest_route=\/wp\/v2\/posts\/2770","targetHints":{"allow":["GET"]}}],"collection":[{"href":"https:\/\/zonaroja.com.mx\/index.php?rest_route=\/wp\/v2\/posts"}],"about":[{"href":"https:\/\/zonaroja.com.mx\/index.php?rest_route=\/wp\/v2\/types\/post"}],"author":[{"embeddable":true,"href":"https:\/\/zonaroja.com.mx\/index.php?rest_route=\/wp\/v2\/users\/2"}],"replies":[{"embeddable":true,"href":"https:\/\/zonaroja.com.mx\/index.php?rest_route=%2Fwp%2Fv2%2Fcomments&post=2770"}],"version-history":[{"count":1,"href":"https:\/\/zonaroja.com.mx\/index.php?rest_route=\/wp\/v2\/posts\/2770\/revisions"}],"predecessor-version":[{"id":2773,"href":"https:\/\/zonaroja.com.mx\/index.php?rest_route=\/wp\/v2\/posts\/2770\/revisions\/2773"}],"wp:featuredmedia":[{"embeddable":true,"href":"https:\/\/zonaroja.com.mx\/index.php?rest_route=\/wp\/v2\/media\/2772"}],"wp:attachment":[{"href":"https:\/\/zonaroja.com.mx\/index.php?rest_route=%2Fwp%2Fv2%2Fmedia&parent=2770"}],"wp:term":[{"taxonomy":"category","embeddable":true,"href":"https:\/\/zonaroja.com.mx\/index.php?rest_route=%2Fwp%2Fv2%2Fcategories&post=2770"},{"taxonomy":"post_tag","embeddable":true,"href":"https:\/\/zonaroja.com.mx\/index.php?rest_route=%2Fwp%2Fv2%2Ftags&post=2770"}],"curies":[{"name":"wp","href":"https:\/\/api.w.org\/{rel}","templated":true}]}}