{"id":27702,"date":"2021-05-25T22:10:28","date_gmt":"2021-05-26T03:10:28","guid":{"rendered":"http:\/\/www.zonaroja.com.mx\/?p=27702"},"modified":"2021-05-25T22:10:31","modified_gmt":"2021-05-26T03:10:31","slug":"firma-javier-villacana-alianza-con-organizaciones-ambientalistas","status":"publish","type":"post","link":"https:\/\/zonaroja.com.mx\/?p=27702","title":{"rendered":"Firma Javier Villaca\u00f1a alianza con organizaciones ambientalistas"},"content":{"rendered":"\n<p>Yuridiana Sosa\/Zona Roja.<\/p>\n\n\n\n<p>Oaxaca de Ju\u00e1rez, Oax., 25 de mayo de 2021.- Proteger las \u00e1reas naturales de la capital y el saneamiento al r\u00edo \u201cAtoyac\u201d, son parte de los compromisos que el candidato a la presidencia municipal de Oaxaca de Ju\u00e1rez, Javier Villaca\u00f1a, de \u201cVa por Oaxaca\u201d, hizo con un grupo de representantes ambientalistas.<\/p>\n\n\n\n<p>En un encuentro este martes, el aspirante a edil formaliz\u00f3 sus compromisos con el Colectivo de Organizaciones Ambientalistas de Oaxaca (COAO), que a su vez dijo que ser\u00e1 aliado y vigilante de las acciones que el gobierno de Villaca\u00f1a Jim\u00e9nez emprenda, de ganar los comicios.<\/p>\n\n\n\n<p>En las propuestas de trabajo del candidato a favor del medio ambiente, se dio a conocer que contemplan las acciones consensuada de los tres \u00f3rdenes de gobierno, especialistas, sociedad organizada y organizaciones para elaborar un plan municipal como un atlas de riesgo en esta materia.<\/p>\n\n\n\n<figure class=\"wp-block-embed-twitter wp-block-embed is-type-rich is-provider-twitter\"><div class=\"wp-block-embed__wrapper\">\n<div class=\"twitter-tweet\"><blockquote class=\"twitter-tweet\" data-lang=\"es\"><p lang=\"es\" dir=\"ltr\"><a href=\"https:\/\/twitter.com\/hashtag\/ENVIVO?src=hash&amp;ref_src=twsrc%5Etfw\">#ENVIVO<\/a> <br>Oaxaca de Ju\u00e1rez, Oax.. 25 de mayo de 2021.- El candidato a edil de Oaxaca de Ju\u00e1rez, <a href=\"https:\/\/twitter.com\/JavierVillacana?ref_src=twsrc%5Etfw\">@JavierVillacana<\/a>, firma convenio con organizaciones ambientalistas.<br><br>Siga la transmisi\u00f3n aqu\u00ed: <br>\ud83d\udc47<a href=\"https:\/\/t.co\/XeUWWMljIM\">https:\/\/t.co\/XeUWWMljIM<\/a> <a href=\"https:\/\/t.co\/wQGwgze6Hj\">pic.twitter.com\/wQGwgze6Hj<\/a><\/p>&mdash; Zona Roja Oaxaca (@Zona_Roja_Oax) <a href=\"https:\/\/twitter.com\/Zona_Roja_Oax\/status\/1397237836093476879?ref_src=twsrc%5Etfw\">25 de mayo de 2021<\/a><\/blockquote><\/div>\n<\/div><\/figure>\n\n\n\n<p>Promoci\u00f3n huertos en barrios, colonias y fraccionamientos, para fortalecer la cultura de la sustentabilidad y autoconsumo; centro de reelecci\u00f3n de desechos tecnol\u00f3gicos y de pilas; saneamiento del rio Atoyac;&nbsp; programa de reforestaci\u00f3n en la zona centro y agencias de la capital, son, entre otros, los aspectos que abordar\u00e1n en su gesti\u00f3n.<\/p>\n\n\n\n<p>\u201cSin medio ambiente no s\u00f3lo no hay gobierno, no hay futuro\u201d, manifest\u00f3 el candidato, acompa\u00f1ado de su esposa, Ver\u00f3nica Quevedo, quien tambi\u00e9n ha promovido acciones de reforestaci\u00f3n y cuidado del ambiente.<\/p>\n\n\n\n<p>Por su parte, los ambientalistas reconocieron las acciones pasadas del Javier Villaca\u00f1a para el rescate de espacios p\u00fablicos, pero principalmente expresaron su preocupaci\u00f3n por los da\u00f1os al medio ambiente que actualmente han registrado en el cerro del \u201cFort\u00edn\u201d, en las \u00e1reas naturales protegidas y en el cerro del \u201cCrest\u00f3n\u201d, donde se han registrado invasiones y cambios de uso de suelo.<\/p>\n","protected":false},"excerpt":{"rendered":"<p>Yuridiana Sosa\/Zona Roja. Oaxaca de Ju\u00e1rez, Oax., 25 de mayo de 2021.- Proteger las \u00e1reas&hellip;<\/p>\n","protected":false},"author":2,"featured_media":27703,"comment_status":"closed","ping_status":"open","sticky":false,"template":"","format":"standard","meta":{"_lmt_disableupdate":"","_lmt_disable":"","_jetpack_memberships_contains_paid_content":false,"footnotes":""},"categories":[109,46],"tags":[2456],"class_list":["post-27702","post","type-post","status-publish","format-standard","has-post-thumbnail","hentry","category-minuto-a-minuto","category-zona-blanca","tag-javier-villacana-jimenez"],"jetpack_featured_media_url":"https:\/\/zonaroja.com.mx\/wp-content\/uploads\/2021\/05\/Javier-Villacana-y-ambientalistas.jpg","jetpack_sharing_enabled":true,"_links":{"self":[{"href":"https:\/\/zonaroja.com.mx\/index.php?rest_route=\/wp\/v2\/posts\/27702","targetHints":{"allow":["GET"]}}],"collection":[{"href":"https:\/\/zonaroja.com.mx\/index.php?rest_route=\/wp\/v2\/posts"}],"about":[{"href":"https:\/\/zonaroja.com.mx\/index.php?rest_route=\/wp\/v2\/types\/post"}],"author":[{"embeddable":true,"href":"https:\/\/zonaroja.com.mx\/index.php?rest_route=\/wp\/v2\/users\/2"}],"replies":[{"embeddable":true,"href":"https:\/\/zonaroja.com.mx\/index.php?rest_route=%2Fwp%2Fv2%2Fcomments&post=27702"}],"version-history":[{"count":1,"href":"https:\/\/zonaroja.com.mx\/index.php?rest_route=\/wp\/v2\/posts\/27702\/revisions"}],"predecessor-version":[{"id":27704,"href":"https:\/\/zonaroja.com.mx\/index.php?rest_route=\/wp\/v2\/posts\/27702\/revisions\/27704"}],"wp:featuredmedia":[{"embeddable":true,"href":"https:\/\/zonaroja.com.mx\/index.php?rest_route=\/wp\/v2\/media\/27703"}],"wp:attachment":[{"href":"https:\/\/zonaroja.com.mx\/index.php?rest_route=%2Fwp%2Fv2%2Fmedia&parent=27702"}],"wp:term":[{"taxonomy":"category","embeddable":true,"href":"https:\/\/zonaroja.com.mx\/index.php?rest_route=%2Fwp%2Fv2%2Fcategories&post=27702"},{"taxonomy":"post_tag","embeddable":true,"href":"https:\/\/zonaroja.com.mx\/index.php?rest_route=%2Fwp%2Fv2%2Ftags&post=27702"}],"curies":[{"name":"wp","href":"https:\/\/api.w.org\/{rel}","templated":true}]}}