{"id":27705,"date":"2021-05-25T22:25:36","date_gmt":"2021-05-26T03:25:36","guid":{"rendered":"http:\/\/www.zonaroja.com.mx\/?p=27705"},"modified":"2021-05-25T22:25:39","modified_gmt":"2021-05-26T03:25:39","slug":"reitera-tribunal-federal-negativa-a-dante-montano-para-que-sea-candidato","status":"publish","type":"post","link":"https:\/\/zonaroja.com.mx\/?p=27705","title":{"rendered":"Reitera Tribunal Federal negativa a Dante Monta\u00f1o para que sea candidato"},"content":{"rendered":"\n<p>Redacci\u00f3n\/Zona Roja.<\/p>\n\n\n\n<p>Oaxaca de Ju\u00e1rez, Oax., 25 de mayo de 2021.- La Sala Xalapa del Tribunal Electoral del Poder Judicial de la Federaci\u00f3n (TEPJF) reiter\u00f3 hoy su rechazo a que se registre a Dante Monta\u00f1o Montero como candidato del Partido del Trabajo para la reelecci\u00f3n en Santa Luc\u00eda del Camino.<\/p>\n\n\n\n<p>El \u00f3rgano electoral sesion\u00f3 esta noche y confirm\u00f3, \u201cpor razones distintas\u201d, el acuerdo IEEPCO-CG-62\/2021, emitido por el Instituto Estatal Electoral y de Participaci\u00f3n Ciudadana de Oaxaca, mediante el cual se declar\u00f3 improcedente la solicitud del edil de Santa Luc\u00eda como candidato a primer concejal propietario.<\/p>\n\n\n\n<p>Ello \u201cpor haber cometido actos de violencia pol\u00edtica en raz\u00f3n de g\u00e9nero en contra de la regidora de Equidad, G\u00e9nero y Grupos Vulnerables (Nallely Ortiz) del referido ayuntamiento\u201d.<\/p>\n\n\n\n<p>Agreg\u00f3 que lo anterior, \u201cdebido a que, al encontrarse dicho ciudadano en el registro de personas sancionadas por haber cometido violencia pol\u00edtica en raz\u00f3n de g\u00e9nero, perdi\u00f3 la presunci\u00f3n de contar con un modo honesto de vivir. De ah\u00ed que fuera apegado a derecho que se le negara el registro\u201d.<\/p>\n\n\n\n<p>La semana pasada, el IEEPCO tom\u00f3 la determinaci\u00f3n de negarle el registro, basado en un acuerdo que con anterioridad hab\u00eda tomado el TEPJF, por el caso de la regidora con licencia, Nallely Ortiz, quien ahora busca ser presidenta municipal, por el Partido Nueva Alianza.<\/p>\n","protected":false},"excerpt":{"rendered":"<p>Redacci\u00f3n\/Zona Roja. Oaxaca de Ju\u00e1rez, Oax., 25 de mayo de 2021.- La Sala Xalapa del&hellip;<\/p>\n","protected":false},"author":2,"featured_media":27254,"comment_status":"closed","ping_status":"open","sticky":false,"template":"","format":"standard","meta":{"_lmt_disableupdate":"","_lmt_disable":"","_jetpack_memberships_contains_paid_content":false,"footnotes":""},"categories":[109,47],"tags":[585],"class_list":["post-27705","post","type-post","status-publish","format-standard","has-post-thumbnail","hentry","category-minuto-a-minuto","category-zona-gris","tag-dante-montano-montero"],"jetpack_featured_media_url":"https:\/\/zonaroja.com.mx\/wp-content\/uploads\/2021\/05\/Dante-Montano.jpg","jetpack_sharing_enabled":true,"_links":{"self":[{"href":"https:\/\/zonaroja.com.mx\/index.php?rest_route=\/wp\/v2\/posts\/27705","targetHints":{"allow":["GET"]}}],"collection":[{"href":"https:\/\/zonaroja.com.mx\/index.php?rest_route=\/wp\/v2\/posts"}],"about":[{"href":"https:\/\/zonaroja.com.mx\/index.php?rest_route=\/wp\/v2\/types\/post"}],"author":[{"embeddable":true,"href":"https:\/\/zonaroja.com.mx\/index.php?rest_route=\/wp\/v2\/users\/2"}],"replies":[{"embeddable":true,"href":"https:\/\/zonaroja.com.mx\/index.php?rest_route=%2Fwp%2Fv2%2Fcomments&post=27705"}],"version-history":[{"count":1,"href":"https:\/\/zonaroja.com.mx\/index.php?rest_route=\/wp\/v2\/posts\/27705\/revisions"}],"predecessor-version":[{"id":27706,"href":"https:\/\/zonaroja.com.mx\/index.php?rest_route=\/wp\/v2\/posts\/27705\/revisions\/27706"}],"wp:featuredmedia":[{"embeddable":true,"href":"https:\/\/zonaroja.com.mx\/index.php?rest_route=\/wp\/v2\/media\/27254"}],"wp:attachment":[{"href":"https:\/\/zonaroja.com.mx\/index.php?rest_route=%2Fwp%2Fv2%2Fmedia&parent=27705"}],"wp:term":[{"taxonomy":"category","embeddable":true,"href":"https:\/\/zonaroja.com.mx\/index.php?rest_route=%2Fwp%2Fv2%2Fcategories&post=27705"},{"taxonomy":"post_tag","embeddable":true,"href":"https:\/\/zonaroja.com.mx\/index.php?rest_route=%2Fwp%2Fv2%2Ftags&post=27705"}],"curies":[{"name":"wp","href":"https:\/\/api.w.org\/{rel}","templated":true}]}}