{"id":27707,"date":"2021-05-25T22:29:35","date_gmt":"2021-05-26T03:29:35","guid":{"rendered":"http:\/\/www.zonaroja.com.mx\/?p=27707"},"modified":"2021-05-25T22:29:40","modified_gmt":"2021-05-26T03:29:40","slug":"resurge-mortandad-por-covid-en-oaxaca-hoy-14-decesos","status":"publish","type":"post","link":"https:\/\/zonaroja.com.mx\/?p=27707","title":{"rendered":"Resurge mortandad por Covid en Oaxaca; hoy 14 decesos"},"content":{"rendered":"\n<p>Redacci\u00f3n\/Zona Roja.<\/p>\n\n\n\n<p>Oaxaca de Ju\u00e1rez, Oax. 25 de mayo de 2021.- Los Servicios de Salud de Oaxaca (SSO), informan que al corte de este martes 25 de mayo, se han contabilizado 52 casos nuevos de Covid-19, que suman 47 mil 36 casos acumulados y lamentablemente tres mil 713 defunciones acumuladas 14 de ellas hoy.<\/p>\n\n\n\n<p>En un comunicado, la dependencia dijo que se han notificado 78 mil 167 casos, de los cuales, 26 mil 322 han sido negativos, hay cuatro mil 809 casos sospechosos, 43 mil 144 se han recuperado y hay 179 casos activos.<\/p>\n\n\n\n<p>En relaci\u00f3n al panorama Jurisdiccional, Valles Centrales contabiliza 31 mil 994 casos confirmados y mil 890 defunciones, Istmo cuatro mil 53 y 668 defunciones, Tuxtepec dos mil 916 y 350 defunciones, Costa dos mil 415 y 269 defunciones, Mixteca tres mil 986 y 348 defunciones, Sierra mil 672 y 188 defunciones.<\/p>\n\n\n\n<figure class=\"wp-block-embed-twitter wp-block-embed is-type-rich is-provider-twitter\"><div class=\"wp-block-embed__wrapper\">\n<div class=\"twitter-tweet\"><blockquote class=\"twitter-tweet\" data-lang=\"es\"><p lang=\"es\" dir=\"ltr\"><a href=\"https:\/\/twitter.com\/hashtag\/%C3%9AltimoMinuto?src=hash&amp;ref_src=twsrc%5Etfw\">#\u00daltimoMinuto<\/a><br>En <a href=\"https:\/\/twitter.com\/hashtag\/Oaxaca?src=hash&amp;ref_src=twsrc%5Etfw\">#Oaxaca<\/a>, este martes los Servicios de Salud registraron 14 defunciones por Covid-19, por lo que se acumulan tres mil 713 decesos.<br>Adem\u00e1s, 52 nuevos casos positivos, para un total de 47036 casos confirmados; hay cinco hospitales saturados.<a href=\"https:\/\/twitter.com\/hashtag\/Qu%C3%A9dateEnCasa?src=hash&amp;ref_src=twsrc%5Etfw\">#Qu\u00e9dateEnCasa<\/a> <a href=\"https:\/\/t.co\/ViMATNrokE\">pic.twitter.com\/ViMATNrokE<\/a><\/p>&mdash; Zona Roja Oaxaca (@Zona_Roja_Oax) <a href=\"https:\/\/twitter.com\/Zona_Roja_Oax\/status\/1397370544933281793?ref_src=twsrc%5Etfw\">26 de mayo de 2021<\/a><\/blockquote><\/div>\n<\/div><\/figure>\n\n\n\n<p>Los 52 casos nuevos afectan a 31 municipios encabezado por Oaxaca de Ju\u00e1rez con 12 casos nuevos, seguido de San Jos\u00e9 del Progreso con cuatro, Huajuapan de Le\u00f3n y Santo Domingo Ingenio tres cada uno, San Juan Bautista Coixtlahuaca, Santa Cruz Xoxocotl\u00e1n y Villa Talea de Castro dos cada uno, el resto un solo caso.<\/p>\n\n\n\n<p>En relaci\u00f3n a la ocupaci\u00f3n hospitalaria, al corte de este martes hay un 17.1% de ocupaci\u00f3n general, con nueve pacientes hospitalizados y cinco hospitales al 100%; la Jurisdicci\u00f3n Sanitaria de Valles Centrales registra un 17.2%, Istmo 18.1%, Tuxtepec 20%, Costa 11.8%, Mixteca 22.6% y Sierra 0%.<\/p>\n","protected":false},"excerpt":{"rendered":"<p>Redacci\u00f3n\/Zona Roja. Oaxaca de Ju\u00e1rez, Oax. 25 de mayo de 2021.- Los Servicios de Salud&hellip;<\/p>\n","protected":false},"author":2,"featured_media":27708,"comment_status":"closed","ping_status":"open","sticky":false,"template":"","format":"standard","meta":{"_lmt_disableupdate":"","_lmt_disable":"","_jetpack_memberships_contains_paid_content":false,"footnotes":""},"categories":[109,47],"tags":[1512],"class_list":["post-27707","post","type-post","status-publish","format-standard","has-post-thumbnail","hentry","category-minuto-a-minuto","category-zona-gris","tag-coronavirus-oaxaca"],"jetpack_featured_media_url":"https:\/\/zonaroja.com.mx\/wp-content\/uploads\/2021\/05\/SSO-1-2.jpeg","jetpack_sharing_enabled":true,"_links":{"self":[{"href":"https:\/\/zonaroja.com.mx\/index.php?rest_route=\/wp\/v2\/posts\/27707","targetHints":{"allow":["GET"]}}],"collection":[{"href":"https:\/\/zonaroja.com.mx\/index.php?rest_route=\/wp\/v2\/posts"}],"about":[{"href":"https:\/\/zonaroja.com.mx\/index.php?rest_route=\/wp\/v2\/types\/post"}],"author":[{"embeddable":true,"href":"https:\/\/zonaroja.com.mx\/index.php?rest_route=\/wp\/v2\/users\/2"}],"replies":[{"embeddable":true,"href":"https:\/\/zonaroja.com.mx\/index.php?rest_route=%2Fwp%2Fv2%2Fcomments&post=27707"}],"version-history":[{"count":1,"href":"https:\/\/zonaroja.com.mx\/index.php?rest_route=\/wp\/v2\/posts\/27707\/revisions"}],"predecessor-version":[{"id":27709,"href":"https:\/\/zonaroja.com.mx\/index.php?rest_route=\/wp\/v2\/posts\/27707\/revisions\/27709"}],"wp:featuredmedia":[{"embeddable":true,"href":"https:\/\/zonaroja.com.mx\/index.php?rest_route=\/wp\/v2\/media\/27708"}],"wp:attachment":[{"href":"https:\/\/zonaroja.com.mx\/index.php?rest_route=%2Fwp%2Fv2%2Fmedia&parent=27707"}],"wp:term":[{"taxonomy":"category","embeddable":true,"href":"https:\/\/zonaroja.com.mx\/index.php?rest_route=%2Fwp%2Fv2%2Fcategories&post=27707"},{"taxonomy":"post_tag","embeddable":true,"href":"https:\/\/zonaroja.com.mx\/index.php?rest_route=%2Fwp%2Fv2%2Ftags&post=27707"}],"curies":[{"name":"wp","href":"https:\/\/api.w.org\/{rel}","templated":true}]}}