{"id":27713,"date":"2021-05-26T07:43:49","date_gmt":"2021-05-26T12:43:49","guid":{"rendered":"http:\/\/www.zonaroja.com.mx\/?p=27713"},"modified":"2021-05-26T07:43:52","modified_gmt":"2021-05-26T12:43:52","slug":"desarticula-policia-estatal-banda-de-robo-de-vehiculos-en-oaxaca","status":"publish","type":"post","link":"https:\/\/zonaroja.com.mx\/?p=27713","title":{"rendered":"Desarticula Polic\u00eda Estatal banda de robo de veh\u00edculos en Oaxaca"},"content":{"rendered":"\n<p>Redacci\u00f3n\/Zona Roja.<\/p>\n\n\n\n<p>Oaxaca de Ju\u00e1rez, Oax., 26 de mayo de 2021.- Integrantes de la Polic\u00eda Vial Estatal, Polic\u00eda Estatal de Oaxaca y municipal de Santa Mar\u00eda Atzompa, lograron la desarticulaci\u00f3n de una banda dedicada al robo de veh\u00edculos, as\u00ed como la recuperaci\u00f3n de unidades de motor en inmediaciones de este municipio conurbado de la capital oaxaque\u00f1a.<\/p>\n\n\n\n<p>Luego de una alerta emitida por el Centro de Control, Comando y Comunicaci\u00f3n (C4) de la Secretar\u00eda de Seguridad P\u00fablica de Oaxaca (SSPO), de manera coordinada, las corporaciones policiales implementaron un operativo para la recuperaci\u00f3n de una camioneta Nissan, color blanco, tras realizar un cateo en el domicilio indicado con la participaci\u00f3n de la Agencia Estatal de Investigaciones (AEI); as\u00ed como&nbsp; la detenci\u00f3n de siete personas por pertenecer, presuntamente a una banda que se dedica al robo de veh\u00edculos.<\/p>\n\n\n\n<p>Se trata de Francisco \u201cNN\u201d de 30 a\u00f1os de edad, Osciris \u201cNN\u201d de 27, Luis \u201cNN\u201d de 19, Miguel \u201cNN\u201d de 24, Enrique \u201cNN\u201d de 28, Patricia \u201cNN\u201d de 29 y Tom\u00e1s \u201cNN\u201d de 26 a\u00f1os de edad.<\/p>\n\n\n\n<p>De igual manera, localizaron en el interior del inmueble seis motocicletas y dos autom\u00f3viles m\u00e1s que cuentan con reporte de robo, mismos que fueron entregados a las autoridades correspondientes para su debido proceso; as\u00ed como a los detenidos.<\/p>\n\n\n\n<p>En el operativo participaron: Polic\u00eda Vial Estatal, Polic\u00eda Estatal, Polic\u00eda Municipal y Polic\u00eda Vial Municipal de Santa Mar\u00eda Atzompa y la Agencia Estatal de Investigaciones (AEI).<\/p>\n","protected":false},"excerpt":{"rendered":"<p>Redacci\u00f3n\/Zona Roja. Oaxaca de Ju\u00e1rez, Oax., 26 de mayo de 2021.- Integrantes de la Polic\u00eda&hellip;<\/p>\n","protected":false},"author":2,"featured_media":27714,"comment_status":"closed","ping_status":"open","sticky":false,"template":"","format":"standard","meta":{"_lmt_disableupdate":"","_lmt_disable":"","_jetpack_memberships_contains_paid_content":false,"footnotes":""},"categories":[109,46],"tags":[175],"class_list":["post-27713","post","type-post","status-publish","format-standard","has-post-thumbnail","hentry","category-minuto-a-minuto","category-zona-blanca","tag-secretaria-de-seguridad-publica-de-oaxaca"],"jetpack_featured_media_url":"https:\/\/zonaroja.com.mx\/wp-content\/uploads\/2021\/05\/Banda-robacarros-Atzompa.jpg","jetpack_sharing_enabled":true,"_links":{"self":[{"href":"https:\/\/zonaroja.com.mx\/index.php?rest_route=\/wp\/v2\/posts\/27713","targetHints":{"allow":["GET"]}}],"collection":[{"href":"https:\/\/zonaroja.com.mx\/index.php?rest_route=\/wp\/v2\/posts"}],"about":[{"href":"https:\/\/zonaroja.com.mx\/index.php?rest_route=\/wp\/v2\/types\/post"}],"author":[{"embeddable":true,"href":"https:\/\/zonaroja.com.mx\/index.php?rest_route=\/wp\/v2\/users\/2"}],"replies":[{"embeddable":true,"href":"https:\/\/zonaroja.com.mx\/index.php?rest_route=%2Fwp%2Fv2%2Fcomments&post=27713"}],"version-history":[{"count":1,"href":"https:\/\/zonaroja.com.mx\/index.php?rest_route=\/wp\/v2\/posts\/27713\/revisions"}],"predecessor-version":[{"id":27715,"href":"https:\/\/zonaroja.com.mx\/index.php?rest_route=\/wp\/v2\/posts\/27713\/revisions\/27715"}],"wp:featuredmedia":[{"embeddable":true,"href":"https:\/\/zonaroja.com.mx\/index.php?rest_route=\/wp\/v2\/media\/27714"}],"wp:attachment":[{"href":"https:\/\/zonaroja.com.mx\/index.php?rest_route=%2Fwp%2Fv2%2Fmedia&parent=27713"}],"wp:term":[{"taxonomy":"category","embeddable":true,"href":"https:\/\/zonaroja.com.mx\/index.php?rest_route=%2Fwp%2Fv2%2Fcategories&post=27713"},{"taxonomy":"post_tag","embeddable":true,"href":"https:\/\/zonaroja.com.mx\/index.php?rest_route=%2Fwp%2Fv2%2Ftags&post=27713"}],"curies":[{"name":"wp","href":"https:\/\/api.w.org\/{rel}","templated":true}]}}