{"id":27716,"date":"2021-05-26T07:53:36","date_gmt":"2021-05-26T12:53:36","guid":{"rendered":"http:\/\/www.zonaroja.com.mx\/?p=27716"},"modified":"2021-05-26T07:53:40","modified_gmt":"2021-05-26T12:53:40","slug":"quitan-a-joven-y-devuelven-a-veronica-lopez-rivera-candidatura-a-diputacion-local","status":"publish","type":"post","link":"https:\/\/zonaroja.com.mx\/?p=27716","title":{"rendered":"Quitan a joven y devuelven a Ver\u00f3nica L\u00f3pez Rivera candidatura a diputaci\u00f3n local"},"content":{"rendered":"\n<p>Redacci\u00f3n\/Zona Roja.<\/p>\n\n\n\n<p>Oaxaca de Ju\u00e1rez, Oax., 26 de mayo de 2021.- El Consejo General del Instituto Estatal Electoral y de Participaci\u00f3n Ciudadana de Oaxaca (IEEPCO), aprob\u00f3 anoche el registro de la candidatura a diputaci\u00f3n por el principio de mayor\u00eda relativa, postulada por la coalici\u00f3n \u201cVa por Oaxaca\u201d, en el 14 distrito electoral local con cabecera en Oaxaca de Ju\u00e1rez (Zona Norte), en cumplimiento a lo ordenado por el Tribunal Electoral del Estado de Oaxaca (TEEO), en el expediente JDC\/144\/2021.<\/p>\n\n\n\n<p>Como se describe en el acuerdo IEEPCO-CG-77\/2021, el Consejo General mediante acuerdo previo IEEPCO-CG-64\/2021, hab\u00eda dado cumplimiento a lo ordenado por el TEEO al&nbsp; determinar como no procedente el registro de Ver\u00f3nica Delia L\u00f3pez Rivera, como candidata a diputada por el principio de mayor\u00eda relativa en el citado distrito electoral local, por lo que se requiri\u00f3 a la coalici\u00f3n \u201cVa por Oaxaca\u201d para que dentro del plazo de doce horas, presentara la solicitud de registro correspondiente a fin de completar la f\u00f3rmula de mujeres j\u00f3venes en el 14 distrito electoral.<\/p>\n\n\n\n<p>Hecho que sucedi\u00f3, dando cumplimiento por parte de la Coalici\u00f3n a lo requerido por el IEEPCO; sin embargo, el TEEO determin\u00f3, en el incidente de ejecuci\u00f3n de sentencia derivado del expediente JDC\/144\/2021, otorgar el registro a L\u00f3pez Rivera como candidata a diputaci\u00f3n de mayor\u00eda relativa.&nbsp;<\/p>\n\n\n\n<p>Por lo que, en cumplimiento a lo ordenado por el Tribunal, el Instituto Electoral aprob\u00f3 la candidatura de L\u00f3pez Rivera, y, en consecuencia, Giovana Anah\u00ed Moreno Reyes, quien hab\u00eda sido postulada como candidata propietaria, regresa a su posici\u00f3n de suplente de la f\u00f3rmula de candidaturas a diputaciones en el Distrito Electoral Local, Oaxaca de Ju\u00e1rez (Zona Norte).&nbsp;<\/p>\n\n\n\n<p>QUEDA PENDIENTE<\/p>\n\n\n\n<p>Respecto al an\u00e1lisis del cumplimiento de las cuotas de acciones afirmativas, este Consejo General consider\u00f3 que la coalici\u00f3n \u201cVa por Oaxaca\u201d deja de cumplir con la cuota de una f\u00f3rmula de personas j\u00f3venes que est\u00e1n obligados a postular en la elecci\u00f3n de diputaciones por el principio de mayor\u00eda relativa.<\/p>\n\n\n\n<p>Ante ello, requiri\u00f3 a la coalici\u00f3n \u201cVa por Oaxaca\u201d para que dentro del plazo de 48 horas contadas a partir de la aprobaci\u00f3n del citado acuerdo 77\/2021, como lo se\u00f1ala el Tribunal Electoral local, rectifique sus candidaturas y determine lo procedente respecto a dicha rectificaci\u00f3n y cumplimiento de las acciones afirmativas correspondientes.&nbsp;<\/p>\n\n\n\n<p>En concordancia con lo resuelto por el TEEO, la Coalici\u00f3n \u201cVa por Oaxaca\u201d deber\u00e1 presentar las sustituciones correspondientes.<\/p>\n","protected":false},"excerpt":{"rendered":"<p>Redacci\u00f3n\/Zona Roja. Oaxaca de Ju\u00e1rez, Oax., 26 de mayo de 2021.- El Consejo General del&hellip;<\/p>\n","protected":false},"author":2,"featured_media":27717,"comment_status":"closed","ping_status":"open","sticky":false,"template":"","format":"standard","meta":{"_lmt_disableupdate":"","_lmt_disable":"","_jetpack_memberships_contains_paid_content":false,"footnotes":""},"categories":[109,46],"tags":[2705],"class_list":["post-27716","post","type-post","status-publish","format-standard","has-post-thumbnail","hentry","category-minuto-a-minuto","category-zona-blanca","tag-veronica-delia-lopez-rivera"],"jetpack_featured_media_url":"https:\/\/zonaroja.com.mx\/wp-content\/uploads\/2021\/05\/Veronica-Delia-Lopez-Rivera.jpeg","jetpack_sharing_enabled":true,"_links":{"self":[{"href":"https:\/\/zonaroja.com.mx\/index.php?rest_route=\/wp\/v2\/posts\/27716","targetHints":{"allow":["GET"]}}],"collection":[{"href":"https:\/\/zonaroja.com.mx\/index.php?rest_route=\/wp\/v2\/posts"}],"about":[{"href":"https:\/\/zonaroja.com.mx\/index.php?rest_route=\/wp\/v2\/types\/post"}],"author":[{"embeddable":true,"href":"https:\/\/zonaroja.com.mx\/index.php?rest_route=\/wp\/v2\/users\/2"}],"replies":[{"embeddable":true,"href":"https:\/\/zonaroja.com.mx\/index.php?rest_route=%2Fwp%2Fv2%2Fcomments&post=27716"}],"version-history":[{"count":1,"href":"https:\/\/zonaroja.com.mx\/index.php?rest_route=\/wp\/v2\/posts\/27716\/revisions"}],"predecessor-version":[{"id":27718,"href":"https:\/\/zonaroja.com.mx\/index.php?rest_route=\/wp\/v2\/posts\/27716\/revisions\/27718"}],"wp:featuredmedia":[{"embeddable":true,"href":"https:\/\/zonaroja.com.mx\/index.php?rest_route=\/wp\/v2\/media\/27717"}],"wp:attachment":[{"href":"https:\/\/zonaroja.com.mx\/index.php?rest_route=%2Fwp%2Fv2%2Fmedia&parent=27716"}],"wp:term":[{"taxonomy":"category","embeddable":true,"href":"https:\/\/zonaroja.com.mx\/index.php?rest_route=%2Fwp%2Fv2%2Fcategories&post=27716"},{"taxonomy":"post_tag","embeddable":true,"href":"https:\/\/zonaroja.com.mx\/index.php?rest_route=%2Fwp%2Fv2%2Ftags&post=27716"}],"curies":[{"name":"wp","href":"https:\/\/api.w.org\/{rel}","templated":true}]}}