{"id":27719,"date":"2021-05-26T08:11:15","date_gmt":"2021-05-26T13:11:15","guid":{"rendered":"http:\/\/www.zonaroja.com.mx\/?p=27719"},"modified":"2021-05-26T08:11:21","modified_gmt":"2021-05-26T13:11:21","slug":"javier-villacana-y-hernandez-fraguas-van-juntos-por-triunfos-contundentes","status":"publish","type":"post","link":"https:\/\/zonaroja.com.mx\/?p=27719","title":{"rendered":"Javier Villaca\u00f1a y Hern\u00e1ndez Fraguas van juntos por triunfos contundentes"},"content":{"rendered":"\n<p>Redacci\u00f3n\/Zona Roja.<\/p>\n\n\n\n<p>Oaxaca de Ju\u00e1rez, Oax., 25 de mayo de 2021.- A pesar de los constantes y desesperados ataques de la oposici\u00f3n, en unidad, la militancia pri\u00edsta, panista y perredista de la capital del estado llevar\u00e1 a Javier Villaca\u00f1a Jim\u00e9nez a la presidencia municipal de Oaxaca y a Jos\u00e9 Antonio Hern\u00e1ndez Fraguas a la diputaci\u00f3n federal por el VIII distrito electoral, as\u00ed qued\u00f3 de manifiesto durante una reuni\u00f3n con la estructura de la agencia de Santa Rosa Panzacola.<\/p>\n\n\n\n<p>Hern\u00e1ndez Fraguas, candidato por la coalici\u00f3n \u201cVa por Oaxaca\u201d dej\u00f3 en claro que la uni\u00f3n partidista prevalece con Villaca\u00f1a Jim\u00e9nez, abanderado a la presidencia municipal.<\/p>\n\n\n\n<p>\u201cVamos juntos y estamos juntos haciendo esta campa\u00f1a, para que quienes se han preocupado por generar divisiones, generar problemas, sigan preocup\u00e1ndose, gastando su dinero, pero Javier y yo estamos juntos en esta campa\u00f1a. Que nadie se confunda, que no los enga\u00f1en\u201d, sentenci\u00f3.<\/p>\n\n\n\n<p>En medio de la algarab\u00eda y j\u00fabilo de la militancia que abarrot\u00f3 la explanada del CDE del Partido Revolucionario Institucional (PRI), Hern\u00e1ndez Fraguas y Villaca\u00f1a Jim\u00e9nez, levantaron sus brazos en se\u00f1al del triunfo irreversible de los candidatos de la alianza \u201cVa por Oaxaca\u201d a la diputaci\u00f3n federal por el VIII distrito electoral y planilla a la presidencia municipal de Oaxaca de Ju\u00e1rez.<\/p>\n\n\n\n<p>En su oportunidad, Javier Villaca\u00f1a Jim\u00e9nez se\u00f1al\u00f3 que los pri\u00edstas, panistas y perredistas tienen la misma visi\u00f3n para que gane Oaxaca y su gente. \u201cVamos a ganar porque la desesperaci\u00f3n de nuestros adversarios pol\u00edticos cada d\u00eda es m\u00e1s evidente y piensan que viejos conflictos iban a influir durante la campa\u00f1a. Aqu\u00ed hay madurez, experiencia, talento y un gran compromiso con los oaxaque\u00f1os y las oaxaque\u00f1as\u201d, indic\u00f3.<\/p>\n\n\n\n<p>El candidato por el PRI, PAN y PRD declar\u00f3 que en esta jornada electoral hay que ir a votar&nbsp; por To\u00f1o Fraguas y Mariana Nassar, as\u00ed como por las candidatas a diputadas locales, para juntos a rescatar la ciudad y brindar a la ciudadan\u00eda los apoyos, seguridad y obras en todas las agencias.<\/p>\n\n\n\n<p>\u201cHay todo un gran equipo que tiene la misma vocaci\u00f3n: responder a nuestra gente. Haremos historia de la buena. Todos queremos una capital ordenada, segura, con mayores oportunidades y lo lograremos\u201d, dijo.<\/p>\n\n\n\n<figure class=\"wp-block-embed-twitter wp-block-embed is-type-rich is-provider-twitter\"><div class=\"wp-block-embed__wrapper\">\n<div class=\"twitter-tweet\"><blockquote class=\"twitter-tweet\" data-lang=\"es\"><p lang=\"es\" dir=\"ltr\">Y que quede claro, hoy unidos somos m\u00e1s fuertes y este 6 de junio \u00a1vamos a ganar! <a href=\"https:\/\/twitter.com\/hashtag\/JuntosLoHaremosDeNuevo?src=hash&amp;ref_src=twsrc%5Etfw\">#JuntosLoHaremosDeNuevo<\/a> <a href=\"https:\/\/twitter.com\/hashtag\/VaPorOaxacaDeJu%C3%A1rez?src=hash&amp;ref_src=twsrc%5Etfw\">#VaPorOaxacaDeJu\u00e1rez<\/a> <a href=\"https:\/\/t.co\/Wi0Afj6U7w\">pic.twitter.com\/Wi0Afj6U7w<\/a><\/p>&mdash; Javier Villaca\u00f1a (@JavierVillacana) <a href=\"https:\/\/twitter.com\/JavierVillacana\/status\/1397309621790986254?ref_src=twsrc%5Etfw\">25 de mayo de 2021<\/a><\/blockquote><\/div>\n<\/div><\/figure>\n\n\n\n<p>COMPROMISO CON CULTURA<\/p>\n\n\n\n<p>Por otra parte, el candidato com\u00fan del PRI, PAN y PRD, Javier Villaca\u00f1a Jim\u00e9nez sign\u00f3 sus compromisos de trabajo a emprender a partir del 1 de enero de 2022, para visibilizar, fortalecer y promover las diversas expresiones culturales y art\u00edsticas de la capital oaxaque\u00f1a.&nbsp;<\/p>\n\n\n\n<p>Ante representantes de la comunidad art\u00edstica, encabezados por Enrique Guajiro L\u00f3pez, el aspirante a la presidencia capitalina por \u201cVa por Oaxaca\u201d indic\u00f3 que esta agenda cultural reconoce e induce la diversidad folcl\u00f3rico de la ciudad, propiciando la valoraci\u00f3n y respeto de cada persona del sector.<\/p>\n\n\n\n<p>\u201cFirmamos ocho compromisos con la visi\u00f3n de abrir las puertas y mostrar la importancia que las expresiones y manifestaciones culturales tienen en la sociedad oaxaque\u00f1a y que por a\u00f1os hab\u00edan sido segregados de las pol\u00edticas y ejes del municipio\u201d, subray\u00f3 entre el benepl\u00e1cito de las y los presentes.<\/p>\n\n\n\n<p>Villaca\u00f1a Jim\u00e9nez ratific\u00f3 su inter\u00e9s y disposici\u00f3n de nutrir las propuestas y plan de trabajo que brinde mayor visibilidad a la labor de hombres y mujeres que resaltan la belleza de Oaxaca.<\/p>\n\n\n\n<p>A su vez, Enrique Guajiro L\u00f3pez destac\u00f3, en representaci\u00f3n del sector, que la l\u00ednea de trabajo marcada por el candidato del PRI, PAN y PRD&nbsp; favorece a la proyecci\u00f3n cultural, se\u00f1alando que respaldar\u00e1n&nbsp; el proyecto pol\u00edtico el pr\u00f3ximo 6 de junio.<\/p>\n\n\n\n<p>Como parte de la firma, Javier Villaca\u00f1a Jim\u00e9nez&nbsp; se comprometi\u00f3 abrir espacios de exposici\u00f3n y muestras culturales y art\u00edsticas; la reapertura del Centro Cultural Reforma para acciones relacionadas; impulsar la creaci\u00f3n del Museo de Arte Sacro, poner en operaci\u00f3n circuitos culturales en sinergia con otros sectores.<\/p>\n\n\n\n<p>Asimismo, otorgar facilidades para las actividades culturales y art\u00edsticas, la creaci\u00f3n del Centro Cultural Abierto en la Central de Abastos y constituir el padr\u00f3n de agentes culturales, gestores y artistas.<\/p>\n","protected":false},"excerpt":{"rendered":"<p>Redacci\u00f3n\/Zona Roja. Oaxaca de Ju\u00e1rez, Oax., 25 de mayo de 2021.- A pesar de los&hellip;<\/p>\n","protected":false},"author":2,"featured_media":27721,"comment_status":"closed","ping_status":"open","sticky":false,"template":"","format":"standard","meta":{"_lmt_disableupdate":"","_lmt_disable":"","_jetpack_memberships_contains_paid_content":false,"footnotes":""},"categories":[109,46],"tags":[2456],"class_list":["post-27719","post","type-post","status-publish","format-standard","has-post-thumbnail","hentry","category-minuto-a-minuto","category-zona-blanca","tag-javier-villacana-jimenez"],"jetpack_featured_media_url":"https:\/\/zonaroja.com.mx\/wp-content\/uploads\/2021\/05\/Villacana-y-Fraguas.jpg","jetpack_sharing_enabled":true,"_links":{"self":[{"href":"https:\/\/zonaroja.com.mx\/index.php?rest_route=\/wp\/v2\/posts\/27719","targetHints":{"allow":["GET"]}}],"collection":[{"href":"https:\/\/zonaroja.com.mx\/index.php?rest_route=\/wp\/v2\/posts"}],"about":[{"href":"https:\/\/zonaroja.com.mx\/index.php?rest_route=\/wp\/v2\/types\/post"}],"author":[{"embeddable":true,"href":"https:\/\/zonaroja.com.mx\/index.php?rest_route=\/wp\/v2\/users\/2"}],"replies":[{"embeddable":true,"href":"https:\/\/zonaroja.com.mx\/index.php?rest_route=%2Fwp%2Fv2%2Fcomments&post=27719"}],"version-history":[{"count":1,"href":"https:\/\/zonaroja.com.mx\/index.php?rest_route=\/wp\/v2\/posts\/27719\/revisions"}],"predecessor-version":[{"id":27722,"href":"https:\/\/zonaroja.com.mx\/index.php?rest_route=\/wp\/v2\/posts\/27719\/revisions\/27722"}],"wp:featuredmedia":[{"embeddable":true,"href":"https:\/\/zonaroja.com.mx\/index.php?rest_route=\/wp\/v2\/media\/27721"}],"wp:attachment":[{"href":"https:\/\/zonaroja.com.mx\/index.php?rest_route=%2Fwp%2Fv2%2Fmedia&parent=27719"}],"wp:term":[{"taxonomy":"category","embeddable":true,"href":"https:\/\/zonaroja.com.mx\/index.php?rest_route=%2Fwp%2Fv2%2Fcategories&post=27719"},{"taxonomy":"post_tag","embeddable":true,"href":"https:\/\/zonaroja.com.mx\/index.php?rest_route=%2Fwp%2Fv2%2Ftags&post=27719"}],"curies":[{"name":"wp","href":"https:\/\/api.w.org\/{rel}","templated":true}]}}