{"id":27723,"date":"2021-05-26T08:26:20","date_gmt":"2021-05-26T13:26:20","guid":{"rendered":"http:\/\/www.zonaroja.com.mx\/?p=27723"},"modified":"2021-05-26T08:26:23","modified_gmt":"2021-05-26T13:26:23","slug":"opinion-a-santo-de-que","status":"publish","type":"post","link":"https:\/\/zonaroja.com.mx\/?p=27723","title":{"rendered":"Opini\u00f3n. \u00bfA santo de qu\u00e9?"},"content":{"rendered":"\n<p>Gibr\u00e1n Ram\u00edrez Reyes*<\/p>\n\n\n\n<p>Hoy, como en varios puntos del sexenio, se cierne sobre Manuel Bartlett otro ataque por la transformaci\u00f3n profunda que tiene lugar en la Comisi\u00f3n Federal de Electricidad, gestionada, a diferencia de otras \u00e1reas del gobierno, con rigor t\u00e9cnico y solidez jur\u00eddica.<\/p>\n\n\n\n<p>La batalla de Bartlett y el grupo que lo acompa\u00f1a se distingue, primero, por su dimensi\u00f3n: la libra contra algunas de las compa\u00f1\u00edas m\u00e1s poderosas del mundo, aliadas desde hace muchos a\u00f1os con la elite pol\u00edtica y empresarial de M\u00e9xico.<\/p>\n\n\n\n<p>Venimos de un mercado el\u00e9ctrico estructurado de forma tan absurda y abusiva, que el objetivo de la actual gesti\u00f3n es modesto: parar la destrucci\u00f3n de la Comisi\u00f3n Federal de Electricidad y mantener en manos nacionales las decisiones sobre la generaci\u00f3n y manejo de la energ\u00eda el\u00e9ctrica.<\/p>\n\n\n\n<p>El segundo distintivo de la batalla de Bartlett es la complejidad t\u00e9cnica que reviste. El asunto es dif\u00edcil de explicar, se pierde entre f\u00f3rmulas matem\u00e1ticas y lenguaje especializado, oscurecido a prop\u00f3sito, y ah\u00ed es donde entran las operaciones medi\u00e1ticas que buscan confundir a todos quienes no tienen algunas horas para sumergirse entre los textos e informaci\u00f3n del sector.<\/p>\n\n\n\n<p>Conviene un poco de perspectiva hist\u00f3rica, aunque sea reciente. La luna de miel de Enrique Pe\u00f1a Nieto con el gran empresariado y con los Estados Unidos tuvo su punto culminante el a\u00f1o de 2014, en un paseo que le organizaron por Nueva York.<\/p>\n\n\n\n<p>All\u00ed, adem\u00e1s de ir a la Organizaci\u00f3n de las Naciones Unidas, recibi\u00f3 un premio como Estadista Mundial y fue festejado por \u00faltima vez, antes del derrumbe de su gobierno, por los grandes diarios de las oligarqu\u00edas.<\/p>\n\n\n\n<p>Ese mismo a\u00f1o, tanto el Wall Street Journal cuanto The Economist festejaron que se saldara un pendiente: la reforma energ\u00e9tica, que permitir\u00eda a las m\u00e1s grandes empresas invertir para disminuir el precio de la energ\u00eda el\u00e9ctrica.<\/p>\n\n\n\n<p>Hace tiempo ya que las grandes energ\u00e9ticas ten\u00edan puestos sus ojos en el mercado mexicano, que empezaron a paladear desde los tiempos de Calder\u00f3n. A partir de entonces, el saqueo solo vino a intensificarse, si bien hab\u00eda comenzado a\u00f1os atr\u00e1s.<\/p>\n\n\n\n<p>Los precios redujeron, s\u00ed, para el gran capital, que empez\u00f3 a incrementar sus ganancias, que saca del pa\u00eds, a\u00f1o con a\u00f1o. Los costos, sin embargo, incrementaron para el erario y para los consumidores ordinarios de energ\u00eda el\u00e9ctrica.<\/p>\n\n\n\n<p>Las consecuencias se miden en decenas de miles de millones de d\u00f3lares. Hay muchas historias que contar. Lo har\u00e9 despu\u00e9s con m\u00e1s detenimiento y no quiero ahora m\u00e1s que poner un ejemplo.<\/p>\n\n\n\n<p>Para calcular unas tarifas que deb\u00edan ser pagadas a la Comisi\u00f3n Federal de Electricidad por parte de las empresas de \u201cenerg\u00edas limpias\u201d (tarifas de porteo), hab\u00eda que hacer un c\u00e1lculo de cierta complejidad t\u00e9cnica.<\/p>\n\n\n\n<p>El c\u00e1lculo arrojaba que hab\u00eda que dividir una cierta cantidad entre punto tres. Los tecn\u00f3cratas de 2010, en lugar de hacerlo, se \u201cequivocaron\u201d, y este lamentable error dio por resultado que, en lugar de dividir, multiplicaran.<\/p>\n\n\n\n<p>Si usted divide 2 entre .3 el resultado ser\u00e1 de 6.6 unidades. Si, en cambio, lo multiplica, el resultado ser\u00e1 de .6 unidades.<\/p>\n\n\n\n<p>Hicieron esto \u00faltimo, en lo que es, a todas luces, un robo en despoblado. La Comisi\u00f3n ajust\u00f3 ese \u201cerror\u201d criminal, y, desde luego, los medios renovaron sus ataques contra Bartlett. G\u00f3mez Fierro ampar\u00f3 ese \u201cerror\u201d como derecho adquirido. Hoy se lanzan, de nuevo, con un refrito de hace d\u00e9cadas \u00bfa santo de qu\u00e9?<\/p>\n\n\n\n<p>*Doctor en Ciencia Pol\u00edtica por la UNAM.<\/p>\n","protected":false},"excerpt":{"rendered":"<p>Gibr\u00e1n Ram\u00edrez Reyes* Hoy, como en varios puntos del sexenio, se cierne sobre Manuel Bartlett&hellip;<\/p>\n","protected":false},"author":2,"featured_media":24099,"comment_status":"closed","ping_status":"open","sticky":false,"template":"","format":"standard","meta":{"_lmt_disableupdate":"","_lmt_disable":"","_jetpack_memberships_contains_paid_content":false,"footnotes":""},"categories":[456,109],"tags":[2489],"class_list":["post-27723","post","type-post","status-publish","format-standard","has-post-thumbnail","hentry","category-columna","category-minuto-a-minuto","tag-gibran-ramirez-reyes"],"jetpack_featured_media_url":"https:\/\/zonaroja.com.mx\/wp-content\/uploads\/2021\/02\/Gibran-Ramirez-Reyes.jpg","jetpack_sharing_enabled":true,"_links":{"self":[{"href":"https:\/\/zonaroja.com.mx\/index.php?rest_route=\/wp\/v2\/posts\/27723","targetHints":{"allow":["GET"]}}],"collection":[{"href":"https:\/\/zonaroja.com.mx\/index.php?rest_route=\/wp\/v2\/posts"}],"about":[{"href":"https:\/\/zonaroja.com.mx\/index.php?rest_route=\/wp\/v2\/types\/post"}],"author":[{"embeddable":true,"href":"https:\/\/zonaroja.com.mx\/index.php?rest_route=\/wp\/v2\/users\/2"}],"replies":[{"embeddable":true,"href":"https:\/\/zonaroja.com.mx\/index.php?rest_route=%2Fwp%2Fv2%2Fcomments&post=27723"}],"version-history":[{"count":1,"href":"https:\/\/zonaroja.com.mx\/index.php?rest_route=\/wp\/v2\/posts\/27723\/revisions"}],"predecessor-version":[{"id":27724,"href":"https:\/\/zonaroja.com.mx\/index.php?rest_route=\/wp\/v2\/posts\/27723\/revisions\/27724"}],"wp:featuredmedia":[{"embeddable":true,"href":"https:\/\/zonaroja.com.mx\/index.php?rest_route=\/wp\/v2\/media\/24099"}],"wp:attachment":[{"href":"https:\/\/zonaroja.com.mx\/index.php?rest_route=%2Fwp%2Fv2%2Fmedia&parent=27723"}],"wp:term":[{"taxonomy":"category","embeddable":true,"href":"https:\/\/zonaroja.com.mx\/index.php?rest_route=%2Fwp%2Fv2%2Fcategories&post=27723"},{"taxonomy":"post_tag","embeddable":true,"href":"https:\/\/zonaroja.com.mx\/index.php?rest_route=%2Fwp%2Fv2%2Ftags&post=27723"}],"curies":[{"name":"wp","href":"https:\/\/api.w.org\/{rel}","templated":true}]}}