{"id":27725,"date":"2021-05-26T08:31:50","date_gmt":"2021-05-26T13:31:50","guid":{"rendered":"http:\/\/www.zonaroja.com.mx\/?p=27725"},"modified":"2021-05-26T08:31:54","modified_gmt":"2021-05-26T13:31:54","slug":"respaldan-trabajadores-del-area-de-jardines-y-barrido-a-martinez-neri","status":"publish","type":"post","link":"https:\/\/zonaroja.com.mx\/?p=27725","title":{"rendered":"Respaldan trabajadores del \u00e1rea de jardines y barrido a Mart\u00ednez Neri"},"content":{"rendered":"\n<p>Redacci\u00f3n\/Zona Roja.<\/p>\n\n\n\n<p>Oaxaca de Ju\u00e1rez, Oax., 26 de mayo de 2021.- Personal que labora en el \u00e1rea de jardines y barrido, pertenecientes al Sindicato \u201c3 de marzo\u201d del municipio de&nbsp; Oaxaca de Ju\u00e1rez, manifest\u00f3 su respaldo absoluto hacia el candidato a la presidencia municipal, por el Partido Movimiento de Regeneraci\u00f3n Nacional (Morena), Francisco Mart\u00ednez Neri.<\/p>\n\n\n\n<p>Durante una reuni\u00f3n con estos trabajadores, Francisco Mart\u00ednez Neri, destac\u00f3 la ardua labor que desempe\u00f1an al&nbsp; embellecer la Verde Antequera.<\/p>\n\n\n\n<p>En presencia del l\u00edder sindical, Pablo G\u00f3mez V\u00e1zquez; la delegada sindical, Elia Mendoza, Jes\u00fas Cruz, jefe de cuadrillas, Aar\u00f3n Heladio, cabo de \u00e1rea de parques y jardines, dijo que ha visitado a los trabajadores del sindicato \u00ab3 de marzo\u00bb, para conversar y decirles que actuar\u00e1&nbsp; bajo un marco de honradez, eficacia y de servicio de la gente.<\/p>\n\n\n\n<p>Mart\u00ednez Neri se\u00f1al\u00f3 que la visita al sindicato es para crear lazos y, pr\u00f3ximamente,&nbsp; poder trabajar de la mano.<\/p>\n\n\n\n<p>Coment\u00f3 que, de manera modesta, sabe que la gente va salir a votar el 6 de junio y sin duda ser\u00e1 beneficiado, ya que trabajar\u00e1 con transparencia. En el caso de los trabajadores lo har\u00e1 con mucha solidaridad.<\/p>\n\n\n\n<p>\u201cNo hay diferencia absoluta de clase. Venimos de lo mismo. Por eso mismo reconozco los derechos y las conquistas que han tenido como sindicato\u201d, enfatiz\u00f3.<\/p>\n\n\n\n<figure class=\"wp-block-embed-twitter wp-block-embed is-type-rich is-provider-twitter\"><div class=\"wp-block-embed__wrapper\">\n<div class=\"twitter-tweet\"><blockquote class=\"twitter-tweet\" data-lang=\"es\"><p lang=\"es\" dir=\"ltr\">Las y los trabajadores del \u00e1rea de barrido han estado al frente de esta emergencia sanitaria. Por ellos, asumo el compromiso de trabajar en unidad para hacer valer sus derechos laborales, sin privatizar los servicios que ofrecen.<a href=\"https:\/\/twitter.com\/hashtag\/VotoXNeriVotoXMORENA?src=hash&amp;ref_src=twsrc%5Etfw\">#VotoXNeriVotoXMORENA<\/a><a href=\"https:\/\/twitter.com\/hashtag\/OaxacaYaDecidi%C3%B3?src=hash&amp;ref_src=twsrc%5Etfw\">#OaxacaYaDecidi\u00f3<\/a> <a href=\"https:\/\/t.co\/7E8JGnf9iJ\">pic.twitter.com\/7E8JGnf9iJ<\/a><\/p>&mdash; Francisco Mtz. Neri (@FMartinezNeri) <a href=\"https:\/\/twitter.com\/FMartinezNeri\/status\/1397243173601226763?ref_src=twsrc%5Etfw\">25 de mayo de 2021<\/a><\/blockquote><\/div>\n<\/div><\/figure>\n\n\n\n<p>Mencion\u00f3 que no est\u00e1 exagerando cuando dice que se puede mejorar sus condiciones de vida.<\/p>\n\n\n\n<p>\u201cYo quiero tener con ustedes un trato de compa\u00f1eros y quiero decirles a los delegados, delegadas que vamos hacer un trabajo de puertas abiertas, que no vamos a cometer los mismos errores\u201d, se\u00f1al\u00f3.<\/p>\n\n\n\n<p>Indic\u00f3 que, sin duda, hay cosas que se pueden y cosas que no. Por eso, debemos ser claros para tener una hermandad.<\/p>\n\n\n\n<p>\u201cYo voy a estar tres a\u00f1os y ustedes van a estar toda una vida laboral, por eso busco un trato de compa\u00f1eros. Seremos personas comunes\u201d, puntualiz\u00f3.<\/p>\n\n\n\n<p>Mart\u00ednez Neri, mencion\u00f3 que su administraci\u00f3n ser\u00e1 de puertas abiertas.<\/p>\n\n\n\n<p>\u201cLes pido su voto. No vengo de lo obscuro. No vamos a dejar de lado el tema de pensiones\u201d, adelant\u00f3.<\/p>\n\n\n\n<p>Indic\u00f3 que buscar\u00e1 el apoyo del Congreso del Estado para resolver el tema de pensiones.<\/p>\n\n\n\n<p>Reconoci\u00f3 el trabajo que realizan, muchas veces&nbsp; incomprendido; por lo contrario,&nbsp;&nbsp; este debe ser re valorado, por tener espacios embellecidos.<\/p>\n\n\n\n<p>En tanto, durante la reuni\u00f3n con los trabajadores del sindicato m\u00e1s grande del municipio, del \u00e1rea de barrido, destac\u00f3 el trabajo que realizan a diario para mantener la ciudad capital limpia.<\/p>\n\n\n\n<p>Ah\u00ed los trabajadores lo escucharon atentos y le manifestaron algunas de sus inquietudes.<\/p>\n\n\n\n<p>Neri indic\u00f3 que su encomienda&nbsp; es cumplir como candidato y despu\u00e9s como presidente municipal.&nbsp;<\/p>\n\n\n\n<p>Reiter\u00f3 que este sindicato , \u201d3 de Marzo\u201d, es hist\u00f3rico, ha sido solidario con todos los sindicatos. En&nbsp; la crisis universitaria, fueron quienes los apoyaron. Este sindicato ha sido solidario con las causas del pueblo.<\/p>\n\n\n\n<p>Puntualiz\u00f3 que es un hombre de izquierda y, como tal, su tarea es trabajar por las causas sociales.<\/p>\n","protected":false},"excerpt":{"rendered":"<p>Redacci\u00f3n\/Zona Roja. Oaxaca de Ju\u00e1rez, Oax., 26 de mayo de 2021.- Personal que labora en&hellip;<\/p>\n","protected":false},"author":2,"featured_media":27726,"comment_status":"closed","ping_status":"open","sticky":false,"template":"","format":"standard","meta":{"_lmt_disableupdate":"","_lmt_disable":"","_jetpack_memberships_contains_paid_content":false,"footnotes":""},"categories":[109,46],"tags":[2418],"class_list":["post-27725","post","type-post","status-publish","format-standard","has-post-thumbnail","hentry","category-minuto-a-minuto","category-zona-blanca","tag-francisco-martinez-neri"],"jetpack_featured_media_url":"https:\/\/zonaroja.com.mx\/wp-content\/uploads\/2021\/05\/Respaldan-trabajadores-del-area-de-jardines-y-barrido-a-Francisco-Martinez-Neri-1.jpeg","jetpack_sharing_enabled":true,"_links":{"self":[{"href":"https:\/\/zonaroja.com.mx\/index.php?rest_route=\/wp\/v2\/posts\/27725","targetHints":{"allow":["GET"]}}],"collection":[{"href":"https:\/\/zonaroja.com.mx\/index.php?rest_route=\/wp\/v2\/posts"}],"about":[{"href":"https:\/\/zonaroja.com.mx\/index.php?rest_route=\/wp\/v2\/types\/post"}],"author":[{"embeddable":true,"href":"https:\/\/zonaroja.com.mx\/index.php?rest_route=\/wp\/v2\/users\/2"}],"replies":[{"embeddable":true,"href":"https:\/\/zonaroja.com.mx\/index.php?rest_route=%2Fwp%2Fv2%2Fcomments&post=27725"}],"version-history":[{"count":1,"href":"https:\/\/zonaroja.com.mx\/index.php?rest_route=\/wp\/v2\/posts\/27725\/revisions"}],"predecessor-version":[{"id":27727,"href":"https:\/\/zonaroja.com.mx\/index.php?rest_route=\/wp\/v2\/posts\/27725\/revisions\/27727"}],"wp:featuredmedia":[{"embeddable":true,"href":"https:\/\/zonaroja.com.mx\/index.php?rest_route=\/wp\/v2\/media\/27726"}],"wp:attachment":[{"href":"https:\/\/zonaroja.com.mx\/index.php?rest_route=%2Fwp%2Fv2%2Fmedia&parent=27725"}],"wp:term":[{"taxonomy":"category","embeddable":true,"href":"https:\/\/zonaroja.com.mx\/index.php?rest_route=%2Fwp%2Fv2%2Fcategories&post=27725"},{"taxonomy":"post_tag","embeddable":true,"href":"https:\/\/zonaroja.com.mx\/index.php?rest_route=%2Fwp%2Fv2%2Ftags&post=27725"}],"curies":[{"name":"wp","href":"https:\/\/api.w.org\/{rel}","templated":true}]}}