{"id":27730,"date":"2021-05-26T09:33:16","date_gmt":"2021-05-26T14:33:16","guid":{"rendered":"http:\/\/www.zonaroja.com.mx\/?p=27730"},"modified":"2021-05-26T09:33:20","modified_gmt":"2021-05-26T14:33:20","slug":"promueve-el-ieepo-equidad-de-genero-entre-estudiantes-y-trabajadores","status":"publish","type":"post","link":"https:\/\/zonaroja.com.mx\/?p=27730","title":{"rendered":"Promueve el IEEPO equidad de g\u00e9nero entre estudiantes y trabajadores"},"content":{"rendered":"\n<p>Redacci\u00f3n\/Zona Roja.<\/p>\n\n\n\n<p>Oaxaca de Ju\u00e1rez, Oax. 26 de mayo de 2021.\u00a0 En el marco del D\u00eda Naranja \u2013que tiene como objetivo poner fin a la desigualdad social y erradicar la violencia contra las mujeres&#8211;, resulta vital realizar y participar en acciones que inciden en la visibilizaci\u00f3n de la importancia de prevenir y eliminar la violencia contra mujeres y ni\u00f1as, actividades que de manera permanente promueve el Instituto Estatal de Educaci\u00f3n P\u00fablica de Oaxaca (IEEPO).<\/p>\n\n\n\n<p>Con motivo de esta conmemoraci\u00f3n, proclamada el d\u00eda 25 de cada mes, la autoridad educativa en la entidad, invita a madres, padres de familia, maestras y maestros, sensibilizara las y los menores de edad en este tema y promover desde los hogares una serie de actividades que involucren a toda la familia.<\/p>\n\n\n\n<p>Entre estas se sugiere ver cortos o documentales para posteriormente comentarlos entre todas y todos, como el que se comparte en el siguiente enlace titulado \u201cNo a la violencia de g\u00e9nero\u201dhttps:\/\/www.youtube.com\/watch?v=10gReZS3gps; as\u00ed tambi\u00e9n hablar sobre las reacciones que se tienen como personas ante las violencias.<\/p>\n\n\n\n<p>Otra propuesta es hacer uso de recursos escritos para trabajar la violencia de g\u00e9nero, como leer cuentos o infograf\u00edas de lugares especializados; por ejemplo las historias:&nbsp; Arturo y Clementina, Cuentos Kipatla, la princesa que no cre\u00eda en cuentos de hadas, entre otros y&nbsp; realizar diversas actividades en d\u00f3nde se reflexione sobre lo que se hace o no y que contribuye a la violencia de g\u00e9nero<\/p>\n\n\n\n<p>Algunos de los materiales creados especialmente para la etapa infantil, primaria y secundaria, que madres, padres de familia, maestras y maestros pueden consultar, se encuentran en el enlace: https:\/\/www.orientacionandujar.es\/2012\/11\/22\/recopilacion-de-materiales-para-trabajar-la-coeducacion-25-de-noviembre-el-dia-internacional-contra-la-violencia-de-genero\/<\/p>\n\n\n\n<p>El IEEPO sugiere tambi\u00e9n buscar informaci\u00f3n especializada en p\u00e1ginas de internet confiables como son Inmujeres, Unesco, ONU, Conavim; de dependencias oficiales como la Secretar\u00eda de las Mujeres de Oaxaca (SMO), de la Coordinaci\u00f3n para la Atenci\u00f3n de los Derechos Humanos (CADH)y del propio IEEPO.<\/p>\n\n\n\n<p>Cuestionar los roles y estereotipos de g\u00e9nero que promueven la violencia de g\u00e9nero y que se practican en casa, y comentar e informar a otras personas sobre lo que ya se sabe de estos temas a modo de promover espacios libres de violencia, son otras de las actividades que se proponen en las acciones educativas a distancia y en los hogares.<\/p>\n\n\n\n<p>Actualmente, muchas redes sociales de dependencias oficiales ofrecen conferencias gratuitas en dichos temas, las cuales pueden ver todas y todos.<\/p>\n\n\n\n<p>Por otra parte, en el marco de las actividades organizadas en el IEEPO, la Direcci\u00f3n para la Mejora de la Convivencia Escolar y Unidad de Enlace de G\u00e9nero realiz\u00f3 la difusi\u00f3n de un bolet\u00edn informativo sobre La definici\u00f3n de violencia laboral, sus particularidades, a trav\u00e9s de un gr\u00e1fico que muestra las etapas y formas en la que se presenta la violencia laboral.<\/p>\n","protected":false},"excerpt":{"rendered":"<p>Redacci\u00f3n\/Zona Roja. Oaxaca de Ju\u00e1rez, Oax. 26 de mayo de 2021.\u00a0 En el marco del&hellip;<\/p>\n","protected":false},"author":2,"featured_media":27731,"comment_status":"closed","ping_status":"open","sticky":false,"template":"","format":"standard","meta":{"_lmt_disableupdate":"","_lmt_disable":"","_jetpack_memberships_contains_paid_content":false,"footnotes":""},"categories":[109,46],"tags":[599],"class_list":["post-27730","post","type-post","status-publish","format-standard","has-post-thumbnail","hentry","category-minuto-a-minuto","category-zona-blanca","tag-instituto-estatal-de-educacion-publica-de-oaxaca"],"jetpack_featured_media_url":"https:\/\/zonaroja.com.mx\/wp-content\/uploads\/2021\/05\/1-IEEPO.jpg","jetpack_sharing_enabled":true,"_links":{"self":[{"href":"https:\/\/zonaroja.com.mx\/index.php?rest_route=\/wp\/v2\/posts\/27730","targetHints":{"allow":["GET"]}}],"collection":[{"href":"https:\/\/zonaroja.com.mx\/index.php?rest_route=\/wp\/v2\/posts"}],"about":[{"href":"https:\/\/zonaroja.com.mx\/index.php?rest_route=\/wp\/v2\/types\/post"}],"author":[{"embeddable":true,"href":"https:\/\/zonaroja.com.mx\/index.php?rest_route=\/wp\/v2\/users\/2"}],"replies":[{"embeddable":true,"href":"https:\/\/zonaroja.com.mx\/index.php?rest_route=%2Fwp%2Fv2%2Fcomments&post=27730"}],"version-history":[{"count":1,"href":"https:\/\/zonaroja.com.mx\/index.php?rest_route=\/wp\/v2\/posts\/27730\/revisions"}],"predecessor-version":[{"id":27732,"href":"https:\/\/zonaroja.com.mx\/index.php?rest_route=\/wp\/v2\/posts\/27730\/revisions\/27732"}],"wp:featuredmedia":[{"embeddable":true,"href":"https:\/\/zonaroja.com.mx\/index.php?rest_route=\/wp\/v2\/media\/27731"}],"wp:attachment":[{"href":"https:\/\/zonaroja.com.mx\/index.php?rest_route=%2Fwp%2Fv2%2Fmedia&parent=27730"}],"wp:term":[{"taxonomy":"category","embeddable":true,"href":"https:\/\/zonaroja.com.mx\/index.php?rest_route=%2Fwp%2Fv2%2Fcategories&post=27730"},{"taxonomy":"post_tag","embeddable":true,"href":"https:\/\/zonaroja.com.mx\/index.php?rest_route=%2Fwp%2Fv2%2Ftags&post=27730"}],"curies":[{"name":"wp","href":"https:\/\/api.w.org\/{rel}","templated":true}]}}