{"id":27735,"date":"2021-05-26T15:46:00","date_gmt":"2021-05-26T20:46:00","guid":{"rendered":"http:\/\/www.zonaroja.com.mx\/?p=27735"},"modified":"2021-05-26T20:49:27","modified_gmt":"2021-05-27T01:49:27","slug":"llama-diputada-a-instalar-comision-para-personas-desaparecidas","status":"publish","type":"post","link":"https:\/\/zonaroja.com.mx\/?p=27735","title":{"rendered":"Llama diputada a instalar en Oaxaca Comisi\u00f3n para Personas Desaparecidas"},"content":{"rendered":"\n<p>Redacci\u00f3n\/Zona Roja.<\/p>\n\n\n\n<p>Oaxaca de Ju\u00e1rez, Oax., 26 de mayo de 2021.- La diputada presidenta de la Comisi\u00f3n Permanente de Derechos Humanos del Congreso del Estado, Magaly L\u00f3pez Dom\u00ednguez, urgi\u00f3 este mi\u00e9rcoles a instalar la Comisi\u00f3n de B\u00fasqueda de Personas Desaparecidas para el Estado de Oaxaca, con el fin de responder a la demanda leg\u00edtima de quienes viven la tragedia de no localizar a sus familiares.<\/p>\n\n\n\n<p>En la sesi\u00f3n ordinaria de la Diputaci\u00f3n Permanente, realizada la legisladora del Partido Morena propuso que el Congreso exhorte al gobernador Alejandro Murat a que remita de inmediato la terna de aspirantes a la titularidad de dicha Comisi\u00f3n, acci\u00f3n que, al no cumplirse, ha detenido la instalaci\u00f3n de esa instancia.<\/p>\n\n\n\n<p>\u201cLa tragedia que viven las y los familiares de las personas desaparecidas es una doble interpelaci\u00f3n sobre las incapacidades del sistema\u201d, expuso la diputada, pues \u201cla desaparici\u00f3n implica que el Estado fall\u00f3 en su obligaci\u00f3n de garantizar la seguridad\u201d, y \u201cfalla tambi\u00e9n al no poder encontrar, o en su caso darles cuenta del destino de su ser querido\u201d.<\/p>\n\n\n\n<p>L\u00f3pez Dom\u00ednguez record\u00f3 que el 11 de septiembre de 2019, el Congreso del Estado expidi\u00f3 la Ley en Materia de Desaparici\u00f3n de Personas para el Estado de Oaxaca, publicada en el Peri\u00f3dico Oficial el 4 de octubre siguiente, y en septiembre de 2020 el gobierno del estado finalmente emiti\u00f3 la convocatoria para la designaci\u00f3n de la persona titular de la Comisi\u00f3n.<\/p>\n\n\n\n<p>La Comisi\u00f3n de B\u00fasqueda de Personas Desaparecidas para el Estado de Oaxaca, explic\u00f3, es el organismo creado por la ley para determinar, ejecutar y dar seguimiento a las acciones de b\u00fasqueda de las personas desaparecidas y no localizadas, en todo el territorio del estado de Oaxaca.<\/p>\n\n\n\n<p><div class=\"twitter-tweet\"><blockquote class=\"twitter-tweet\" data-lang=\"es\"><p lang=\"es\" dir=\"ltr\">En la sesi\u00f3n de la Diputaci\u00f3n Permanente del <a href=\"https:\/\/twitter.com\/CongresoOaxLXIV?ref_src=twsrc%5Etfw\">@CongresoOaxLXIV<\/a>, la legisladora <a href=\"https:\/\/twitter.com\/Magaly_LopezOax?ref_src=twsrc%5Etfw\">@Magaly_LopezOax<\/a> present\u00f3 un Punto de Acuerdo para exigir al Poder Ejecutivo designe a la brevedad a los responsables de la Comisi\u00f3n de B\u00fasqueda, para responder con hechos a v\u00edctimas de desatenciones. <a href=\"https:\/\/t.co\/jMx4RdybIo\">pic.twitter.com\/jMx4RdybIo<\/a><\/p>&mdash; Zona Roja Oaxaca (@Zona_Roja_Oax) <a href=\"https:\/\/twitter.com\/Zona_Roja_Oax\/status\/1397709134972207105?ref_src=twsrc%5Etfw\">27 de mayo de 2021<\/a><\/blockquote><\/div><\/p>\n\n\n\n<p>\u201cHoy, m\u00e1s de ocho meses despu\u00e9s de publicada la convocatoria, el Poder Ejecutivo a\u00fan no ha enviado al Congreso la terna de aspirantes a ocupar ese puesto\u201d, lo que ha dejado a Oaxaca, en los hechos, fuera del Sistema Nacional de B\u00fasqueda de Personas.<\/p>\n\n\n\n<p>Se\u00f1al\u00f3 que Oaxaca es el \u00fanico estado del pa\u00eds que no cuenta con el organismo local dedicado a la b\u00fasqueda de personas desaparecidas, y que el gobierno federal dispone de recursos econ\u00f3micos para el apoyo a esas tareas, dinero que no puede entregar a nuestro estado porque la Comisi\u00f3n local no se ha instalado.<\/p>\n\n\n\n<p>\u201cEs urgente que en Oaxaca el gobierno comience a realizar las labores de b\u00fasqueda de las personas desaparecidas\u201d, insisti\u00f3 la legisladora.<\/p>\n\n\n\n<p>Record\u00f3 que los art\u00edculos 33, 34 y 35 de la ley establecen que de manera previa al env\u00edo de la terna, el Ejecutivo debe hacer una consulta entre colectivos de familias, personas expertas y organizaciones de la sociedad civil especializadas en la materia, pero \u201chasta donde sabemos, esa consulta no ha sucedido\u201d.<\/p>\n\n\n\n<p>Por ello, pidi\u00f3 exhortar al gobernador a que realice de manera urgente la consulta a los colectivos de familias, personas expertas y organizaciones de la sociedad civil especializadas en la materia, y remita de inmediato al Congreso la terna de aspirantes a la titularidad de la Comisi\u00f3n de B\u00fasqueda de Personas Desaparecidas para el Estado de Oaxaca.<\/p>\n\n\n\n<p>\u201cLes pido que hagamos todo lo que est\u00e9 en nuestras manos para aliviar, en lo posible, el peso que cargan las y los familiares de las personas desaparecidas\u201d, llam\u00f3, finalmente, al resto de diputadas y diputados.<\/p>\n","protected":false},"excerpt":{"rendered":"<p>Redacci\u00f3n\/Zona Roja. Oaxaca de Ju\u00e1rez, Oax., 26 de mayo de 2021.- La diputada presidenta de&hellip;<\/p>\n","protected":false},"author":2,"featured_media":27736,"comment_status":"closed","ping_status":"open","sticky":false,"template":"","format":"standard","meta":{"_lmt_disableupdate":"","_lmt_disable":"","_jetpack_memberships_contains_paid_content":false,"footnotes":""},"categories":[109,46,47],"tags":[192],"class_list":["post-27735","post","type-post","status-publish","format-standard","has-post-thumbnail","hentry","category-minuto-a-minuto","category-zona-blanca","category-zona-gris","tag-diputada-magaly-lopez-dominguez"],"jetpack_featured_media_url":"https:\/\/zonaroja.com.mx\/wp-content\/uploads\/2021\/05\/LLAMA-DIPUTADA-MAGALY-LOPEZA-INSTALARCOMISION-PARA-PERSONASDESAPARECIDAS-2.jpeg","jetpack_sharing_enabled":true,"_links":{"self":[{"href":"https:\/\/zonaroja.com.mx\/index.php?rest_route=\/wp\/v2\/posts\/27735","targetHints":{"allow":["GET"]}}],"collection":[{"href":"https:\/\/zonaroja.com.mx\/index.php?rest_route=\/wp\/v2\/posts"}],"about":[{"href":"https:\/\/zonaroja.com.mx\/index.php?rest_route=\/wp\/v2\/types\/post"}],"author":[{"embeddable":true,"href":"https:\/\/zonaroja.com.mx\/index.php?rest_route=\/wp\/v2\/users\/2"}],"replies":[{"embeddable":true,"href":"https:\/\/zonaroja.com.mx\/index.php?rest_route=%2Fwp%2Fv2%2Fcomments&post=27735"}],"version-history":[{"count":3,"href":"https:\/\/zonaroja.com.mx\/index.php?rest_route=\/wp\/v2\/posts\/27735\/revisions"}],"predecessor-version":[{"id":27749,"href":"https:\/\/zonaroja.com.mx\/index.php?rest_route=\/wp\/v2\/posts\/27735\/revisions\/27749"}],"wp:featuredmedia":[{"embeddable":true,"href":"https:\/\/zonaroja.com.mx\/index.php?rest_route=\/wp\/v2\/media\/27736"}],"wp:attachment":[{"href":"https:\/\/zonaroja.com.mx\/index.php?rest_route=%2Fwp%2Fv2%2Fmedia&parent=27735"}],"wp:term":[{"taxonomy":"category","embeddable":true,"href":"https:\/\/zonaroja.com.mx\/index.php?rest_route=%2Fwp%2Fv2%2Fcategories&post=27735"},{"taxonomy":"post_tag","embeddable":true,"href":"https:\/\/zonaroja.com.mx\/index.php?rest_route=%2Fwp%2Fv2%2Ftags&post=27735"}],"curies":[{"name":"wp","href":"https:\/\/api.w.org\/{rel}","templated":true}]}}