{"id":2774,"date":"2019-08-02T21:00:20","date_gmt":"2019-08-03T02:00:20","guid":{"rendered":"http:\/\/www.zonaroja.com.mx\/?p=2774"},"modified":"2019-08-02T21:02:08","modified_gmt":"2019-08-03T02:02:08","slug":"sigue-la-inseguridad-en-la-capital-oaxaquena-roban-moto-a-balazos","status":"publish","type":"post","link":"https:\/\/zonaroja.com.mx\/?p=2774","title":{"rendered":"Sigue la inseguridad en la capital oaxaque\u00f1a: roban moto a balazos"},"content":{"rendered":"\n<p>Ismael\nGarc\u00eda\/Zona Roja. <\/p>\n\n\n\n<p>Oaxaca de\nJu\u00e1rez, Oax., 2 de agosto de 2019.- Al menos dos individuos robaron la tarde de\neste jueves de manera violenta una motocicleta en el Centro Hist\u00f3rico de la\nciudad de Oaxaca.<\/p>\n\n\n\n<p>De acuerdo\ncon la v\u00edctima quien se identific\u00f3 como Yeudiel o Uriel Pacheco Ram\u00edrez, los hechos\nocurrieron a eso de las 15:59 horas en la calle de Mina, entre 20 de Noviembre\ny Miguel Cabrera, a unas cuatro cuadras del z\u00f3calo.<\/p>\n\n\n\n<p>El joven\nlleg\u00f3 a comprar un art\u00edculo a un establecimiento cuando de repente llegaron dos\nsujetos que con arma en mano le pidieron las llaves de su motocicleta, marca\nItalika, de 250 mil\u00edmetros, con placas de circulaci\u00f3n MLF3R.<\/p>\n\n\n\n<p>Al oponer resistencia, uno de ellos le dispar\u00f3 al piso, lo que le provoc\u00f3 un roz\u00f3n en la pierna y el casquillo fue a dar al interior de un expendio de chocolate, del exterior del mercado \u201c20 de Noviembre\u201d.<\/p>\n\n\n\n<figure class=\"wp-block-embed-twitter wp-block-embed is-type-rich is-provider-twitter\"><div class=\"wp-block-embed__wrapper\">\n<div class=\"twitter-tweet\"><blockquote class=\"twitter-tweet\" data-lang=\"es\"><p lang=\"es\" dir=\"ltr\"><a href=\"https:\/\/twitter.com\/hashtag\/OaxacaRojo?src=hash&amp;ref_src=twsrc%5Etfw\">#OaxacaRojo<\/a><br>Este es el testimonio de la v\u00edctima de robo de motocicleta a mano armada en el centro de la ciudad de <a href=\"https:\/\/twitter.com\/hashtag\/Oaxaca?src=hash&amp;ref_src=twsrc%5Etfw\">#Oaxaca<\/a>; la polic\u00eda de <a href=\"https:\/\/twitter.com\/MunicipioSeguro?ref_src=twsrc%5Etfw\">@MunicipioSeguro<\/a> s\u00f3lo lleg\u00f3 a ver y no preserv\u00f3 la escena; la <a href=\"https:\/\/twitter.com\/FISCALIA_GobOax?ref_src=twsrc%5Etfw\">@FISCALIA_GobOax<\/a> no quiso recibir la denuncia de inmediato. <a href=\"https:\/\/t.co\/3YnQtkI86T\">pic.twitter.com\/3YnQtkI86T<\/a><\/p>&mdash; Zona Roja Oaxaca (@MexRoja) <a href=\"https:\/\/twitter.com\/MexRoja\/status\/1157460065043005440?ref_src=twsrc%5Etfw\">3 de agosto de 2019<\/a><\/blockquote><\/div>\n<\/div><\/figure>\n\n\n\n<p>Tras obtener\nlas llaves, se dieron a la fuga con rumbo desconocido; posteriormente llegaron\nelementos de la Polic\u00eda Municipal, pero solamente para tomar datos y se\nretiraron, sin acordonar la escena del delito.<\/p>\n\n\n\n<p>Luego\narribaron elementos de la Agencia Estatal de Investigaciones (AEI) pero\npreguntaron en el local de chocolate si ten\u00edan una denuncia, al no ser los\nempleados los afectados, lo negaron, por lo cual los agentes se retiraron<\/p>\n\n\n\n<p>El joven\nPacheco Ram\u00edrez acudi\u00f3 luego al complejo Centro Hist\u00f3rico de la Fiscal\u00eda\nGeneral del Estado, ubicado en la calle de Arista 313 del centro de la capital;\nsin embargo, ah\u00ed el personal le inform\u00f3 que hasta las cinco de la tarde recib\u00edan\ndenuncias; que volviera despu\u00e9s de las nueve de la noche, o en su caso acudiera\na Ciudad Judicial.<\/p>\n\n\n\n<p>Hasta esta\nnoche, personal de la Fiscal\u00eda no hab\u00eda acudido a realizar las indagatorias\ncorrespondientes.<\/p>\n","protected":false},"excerpt":{"rendered":"<p>Ismael Garc\u00eda\/Zona Roja. Oaxaca de Ju\u00e1rez, Oax., 2 de agosto de 2019.- Al menos dos&hellip;<\/p>\n","protected":false},"author":2,"featured_media":2776,"comment_status":"closed","ping_status":"open","sticky":false,"template":"","format":"standard","meta":{"_lmt_disableupdate":"","_lmt_disable":"","_jetpack_memberships_contains_paid_content":false,"footnotes":""},"categories":[109,51],"tags":[460],"class_list":["post-2774","post","type-post","status-publish","format-standard","has-post-thumbnail","hentry","category-minuto-a-minuto","category-zona-roja","tag-asalto-violento-a-motociclista-en-la-ciudad-de-oaxaca"],"jetpack_featured_media_url":"https:\/\/zonaroja.com.mx\/wp-content\/uploads\/2019\/08\/eZy-Watermark_02-08-2019_07-59-24p.-m..jpg","jetpack_sharing_enabled":true,"_links":{"self":[{"href":"https:\/\/zonaroja.com.mx\/index.php?rest_route=\/wp\/v2\/posts\/2774","targetHints":{"allow":["GET"]}}],"collection":[{"href":"https:\/\/zonaroja.com.mx\/index.php?rest_route=\/wp\/v2\/posts"}],"about":[{"href":"https:\/\/zonaroja.com.mx\/index.php?rest_route=\/wp\/v2\/types\/post"}],"author":[{"embeddable":true,"href":"https:\/\/zonaroja.com.mx\/index.php?rest_route=\/wp\/v2\/users\/2"}],"replies":[{"embeddable":true,"href":"https:\/\/zonaroja.com.mx\/index.php?rest_route=%2Fwp%2Fv2%2Fcomments&post=2774"}],"version-history":[{"count":1,"href":"https:\/\/zonaroja.com.mx\/index.php?rest_route=\/wp\/v2\/posts\/2774\/revisions"}],"predecessor-version":[{"id":2775,"href":"https:\/\/zonaroja.com.mx\/index.php?rest_route=\/wp\/v2\/posts\/2774\/revisions\/2775"}],"wp:featuredmedia":[{"embeddable":true,"href":"https:\/\/zonaroja.com.mx\/index.php?rest_route=\/wp\/v2\/media\/2776"}],"wp:attachment":[{"href":"https:\/\/zonaroja.com.mx\/index.php?rest_route=%2Fwp%2Fv2%2Fmedia&parent=2774"}],"wp:term":[{"taxonomy":"category","embeddable":true,"href":"https:\/\/zonaroja.com.mx\/index.php?rest_route=%2Fwp%2Fv2%2Fcategories&post=2774"},{"taxonomy":"post_tag","embeddable":true,"href":"https:\/\/zonaroja.com.mx\/index.php?rest_route=%2Fwp%2Fv2%2Ftags&post=2774"}],"curies":[{"name":"wp","href":"https:\/\/api.w.org\/{rel}","templated":true}]}}