{"id":27742,"date":"2021-05-26T16:25:29","date_gmt":"2021-05-26T21:25:29","guid":{"rendered":"http:\/\/www.zonaroja.com.mx\/?p=27742"},"modified":"2021-05-26T16:25:33","modified_gmt":"2021-05-26T21:25:33","slug":"rechaza-nallely-ortiz-declinar-candidatura-seguimos-en-contienda-asegura","status":"publish","type":"post","link":"https:\/\/zonaroja.com.mx\/?p=27742","title":{"rendered":"Rechaza Nallely Ortiz declinar candidatura; \u201cseguimos en contienda\u201d, asegura"},"content":{"rendered":"\n<p>Evlin Arag\u00f3n\/Zona Roja.<\/p>\n\n\n\n<p>Oaxaca de Ju\u00e1rez, Oax., 26 de mayo de 2021.- \u201cYo les dije que Dante Monta\u00f1o no iba a ser candidato\u201d, es la frase que enuncia Nallely Ortiz luego de la resoluci\u00f3n de la Sala Xalapa del Tribunal Electoral del Poder Judicial de la Federaci\u00f3n (TEPJF), que reiter\u00f3 su rechazo a que el pol\u00edtico se registrara como candidato del Partido del Trabajo para la reelecci\u00f3n en Santa Luc\u00eda del Camino.<\/p>\n\n\n\n<p>Quien fuera v\u00edctima de violencia pol\u00edtica en raz\u00f3n de g\u00e9nero por parte del todav\u00eda edil, manifest\u00f3 sentirse tranquila y segura de que la justicia existe, por lo que estaba confiada en que el pol\u00edtico no podr\u00eda participar en la contienda electoral 2020-2021 tal y como fue establecido por ley.&nbsp;<\/p>\n\n\n\n<p>Con respecto a la postulaci\u00f3n del hermano de Dante Monta\u00f1o como candidato, rechaz\u00f3 que los puestos de representaci\u00f3n popular se hereden e indic\u00f3 que ser\u00e1 la ciudadan\u00eda la que tendr\u00e1 que rechazar, en las urnas, dichas pr\u00e1cticas.&nbsp;<\/p>\n\n\n\n<p>\u201cYo creo que los poderes no se tienen que heredar, pero ser\u00e1 la ciudadan\u00eda la que d\u00e9 su punto de vista\u201d, asegur\u00f3.&nbsp;<\/p>\n\n\n\n<p>En conferencia de prensa esta ma\u00f1ana, la hoy candidata a la presidencia municipal de Santa Luc\u00eda del Camino por partido Nueva Alianza, neg\u00f3 que tenga la intenci\u00f3n de declinar en su leg\u00edtima aspiraci\u00f3n y por el contrario dijo, sigue caminando por la localidad para dar a conocer su proyecto. \u00a0<\/p>\n\n\n\n<figure class=\"wp-block-embed-twitter wp-block-embed is-type-rich is-provider-twitter\"><div class=\"wp-block-embed__wrapper\">\n<div class=\"twitter-tweet\"><blockquote class=\"twitter-tweet\" data-lang=\"es\"><p lang=\"es\" dir=\"ltr\"><a href=\"https:\/\/twitter.com\/hashtag\/ENVIVO?src=hash&amp;ref_src=twsrc%5Etfw\">#ENVIVO<\/a> <br>Santa Luc\u00eda del Camino, Oax., 26 de mayo de 2021.- Conferencia de prensa de <a href=\"https:\/\/twitter.com\/NallelyOrtizj?ref_src=twsrc%5Etfw\">@NallelyOrtizj<\/a>, candidata de Nueva Alianza a la presidencia municipal.<br><br>Siga la transmisi\u00f3n: \ud83d\udc47<a href=\"https:\/\/t.co\/Db6kSJ7ZfA\">https:\/\/t.co\/Db6kSJ7ZfA<\/a> <a href=\"https:\/\/t.co\/2WD7woR6jP\">pic.twitter.com\/2WD7woR6jP<\/a><\/p>&mdash; Zona Roja Oaxaca (@Zona_Roja_Oax) <a href=\"https:\/\/twitter.com\/Zona_Roja_Oax\/status\/1397573881909686286?ref_src=twsrc%5Etfw\">26 de mayo de 2021<\/a><\/blockquote><\/div>\n<\/div><\/figure>\n\n\n\n<p>Indic\u00f3 que han sido varios partidos pol\u00edticos los que han asegurado que va a declinar a favor de alguno de ellos, estrategia que dijo aprovechan para confundir a la ciudadan\u00eda, sin embargo, neg\u00f3 tal situaci\u00f3n y asegur\u00f3 que su candidatura sigue firma y cada vez m\u00e1s fortalecida.&nbsp;<\/p>\n\n\n\n<p>En este mismo sentido, declar\u00f3 que si hubo un acercamiento de un partido pol\u00edtico para que se uniera a su proyecto, el cual declin\u00f3, porque dijo \u201ctodav\u00eda no nace quien me pueda obligar\u201d.<\/p>\n\n\n\n<p>Para Nallely Ortiz, la respuesta de la ciudadan\u00eda hac\u00eda su proyecto ha sido muy buena, de ah\u00ed que asegur\u00f3 tiene las mismas posibilidades que cualquiera de conseguir el triunfo, sobre todo si la poblaci\u00f3n razona su voto y le da un voto de confianza como lo ha solicitado en sus recorridos.&nbsp;<\/p>\n\n\n\n<p>\u201cYo s\u00e9 que muchos tiemblan y no quisieran que salga la gente a votar, pero yo les invito a que rescatemos Santa Luc\u00eda del Camino, que salgan este 6 de junio con las medidas sanitarias necesarias. Hay que tomar la decisi\u00f3n correcta para nuestra localidad. Ya le toca\u201d, manifest\u00f3.<\/p>\n\n\n\n<p>Finalmente, la candidata lament\u00f3 que el resto de los aspirantes no hayan promovido un debate, adem\u00e1s de que los invit\u00f3 a presentar su declaraci\u00f3n 3 de 3, a fin de poner el ejemplo en torno a la transparencia \u201cel que nada debe nada teme\u201d, sentenci\u00f3.<\/p>\n","protected":false},"excerpt":{"rendered":"<p>Evlin Arag\u00f3n\/Zona Roja. Oaxaca de Ju\u00e1rez, Oax., 26 de mayo de 2021.- \u201cYo les dije&hellip;<\/p>\n","protected":false},"author":2,"featured_media":27743,"comment_status":"closed","ping_status":"open","sticky":false,"template":"","format":"standard","meta":{"_lmt_disableupdate":"","_lmt_disable":"","_jetpack_memberships_contains_paid_content":false,"footnotes":""},"categories":[109,46],"tags":[],"class_list":["post-27742","post","type-post","status-publish","format-standard","has-post-thumbnail","hentry","category-minuto-a-minuto","category-zona-blanca"],"jetpack_featured_media_url":"https:\/\/zonaroja.com.mx\/wp-content\/uploads\/2021\/05\/Nayelly-Ortiz-Jimenez.jpg","jetpack_sharing_enabled":true,"_links":{"self":[{"href":"https:\/\/zonaroja.com.mx\/index.php?rest_route=\/wp\/v2\/posts\/27742","targetHints":{"allow":["GET"]}}],"collection":[{"href":"https:\/\/zonaroja.com.mx\/index.php?rest_route=\/wp\/v2\/posts"}],"about":[{"href":"https:\/\/zonaroja.com.mx\/index.php?rest_route=\/wp\/v2\/types\/post"}],"author":[{"embeddable":true,"href":"https:\/\/zonaroja.com.mx\/index.php?rest_route=\/wp\/v2\/users\/2"}],"replies":[{"embeddable":true,"href":"https:\/\/zonaroja.com.mx\/index.php?rest_route=%2Fwp%2Fv2%2Fcomments&post=27742"}],"version-history":[{"count":1,"href":"https:\/\/zonaroja.com.mx\/index.php?rest_route=\/wp\/v2\/posts\/27742\/revisions"}],"predecessor-version":[{"id":27744,"href":"https:\/\/zonaroja.com.mx\/index.php?rest_route=\/wp\/v2\/posts\/27742\/revisions\/27744"}],"wp:featuredmedia":[{"embeddable":true,"href":"https:\/\/zonaroja.com.mx\/index.php?rest_route=\/wp\/v2\/media\/27743"}],"wp:attachment":[{"href":"https:\/\/zonaroja.com.mx\/index.php?rest_route=%2Fwp%2Fv2%2Fmedia&parent=27742"}],"wp:term":[{"taxonomy":"category","embeddable":true,"href":"https:\/\/zonaroja.com.mx\/index.php?rest_route=%2Fwp%2Fv2%2Fcategories&post=27742"},{"taxonomy":"post_tag","embeddable":true,"href":"https:\/\/zonaroja.com.mx\/index.php?rest_route=%2Fwp%2Fv2%2Ftags&post=27742"}],"curies":[{"name":"wp","href":"https:\/\/api.w.org\/{rel}","templated":true}]}}