{"id":27745,"date":"2021-05-26T19:33:04","date_gmt":"2021-05-27T00:33:04","guid":{"rendered":"http:\/\/www.zonaroja.com.mx\/?p=27745"},"modified":"2021-05-26T19:33:08","modified_gmt":"2021-05-27T00:33:08","slug":"habitantes-de-ayoquezco-exigen-renuncia-y-auditoria-de-edil","status":"publish","type":"post","link":"https:\/\/zonaroja.com.mx\/?p=27745","title":{"rendered":"Habitantes de Ayoquezco exigen renuncia y auditor\u00eda de edil"},"content":{"rendered":"\n<p>Yuridiana Sosa\/Zona Roja.<\/p>\n\n\n\n<p>Oaxaca de Ju\u00e1rez, Oax., 26 de mayo de 2021.- Ciudadanos y autoridades de Ayoquezco de Aldama, de la regi\u00f3n de Valles Centrales de Oaxaca, se manifestaron en la capital oaxaque\u00f1a para exigir la destituci\u00f3n del edil, Manuel Miguel Ortiz Quintero y un regidor, as\u00ed como auditor\u00eda fiscal del a\u00f1o 2020 y justicia por violencia pol\u00edtica por raz\u00f3n de g\u00e9nero ejercida por el funcionario.<\/p>\n\n\n\n<p>Los inconformes tambi\u00e9n bloquearon por varias horas la carretera federal 131, en inmediaciones de la comunidad, para demandar una mesa de di\u00e1logo con el gobernador Alejandro Murat, a fin deplantear sus problemas y evitar un mayor conflicto social en la comunidad.<\/p>\n\n\n\n<p>En conferencia de prensa, respaldados por la organizaci\u00f3n Frente Amplio y Lucha Popular (FALP), los integrantes de la Comisi\u00f3n Representativa Popular dieron a conocer que han recurrido a distintas instancias de gobierno para dar a conocer sobre sus quejas sobre la administraci\u00f3n de Ortiz Quintero, regida por Sistemas Normativos Internos.<\/p>\n\n\n\n<p>El presidente municipal no ha convocado a asambleas generales desde que asumi\u00f3 el cargo, por lo que la poblaci\u00f3n desconoce el destino de los recursos p\u00fablicos, se\u00f1alaron.<\/p>\n\n\n\n<p>Para conocer sobre las finanzas de su municipio, la Comisi\u00f3n solicit\u00f3 al \u00d3rgano Superior de Fiscalizaci\u00f3n del Estado de Oaxaca su intervenci\u00f3n para la revisi\u00f3n del ejercicio fiscal 2020, por lo que se abri\u00f3 el expediente OSFE\/SFCPM\/DAMA\/DMSE\/0011\/2021.<\/p>\n\n\n\n<figure class=\"wp-block-embed-twitter wp-block-embed is-type-rich is-provider-twitter\"><div class=\"wp-block-embed__wrapper\">\n<div class=\"twitter-tweet\"><blockquote class=\"twitter-tweet\" data-lang=\"es\"><p lang=\"es\" dir=\"ltr\"><a href=\"https:\/\/twitter.com\/hashtag\/%C3%9AltimoMinuto?src=hash&amp;ref_src=twsrc%5Etfw\">#\u00daltimoMinuto<\/a> <br>Habitantes de <a href=\"https:\/\/twitter.com\/hashtag\/Ayoquezco?src=hash&amp;ref_src=twsrc%5Etfw\">#Ayoquezco<\/a> de Aldama, apoyados por el FALP, denuncian en la capital un caso de violencia de g\u00e9nero. <br>Paralelo a ello, bloquearon temporalmente la carretera federal 131 <a href=\"https:\/\/twitter.com\/hashtag\/Oaxaca?src=hash&amp;ref_src=twsrc%5Etfw\">#Oaxaca<\/a>-Puerto \u00c1ngel, a la altura de ese municipio de los Valles Centrales. <a href=\"https:\/\/t.co\/4xf1aKkqEk\">pic.twitter.com\/4xf1aKkqEk<\/a><\/p>&mdash; Zona Roja Oaxaca (@Zona_Roja_Oax) <a href=\"https:\/\/twitter.com\/Zona_Roja_Oax\/status\/1397584799984914434?ref_src=twsrc%5Etfw\">26 de mayo de 2021<\/a><\/blockquote><\/div>\n<\/div><\/figure>\n\n\n\n<p>Tambi\u00e9n se promovi\u00f3 el juicio para la protecci\u00f3n de los derechos pol\u00edticos electorales de la regidora de Salud y Deportes, Elvia Jim\u00e9nez Salinas, que bajo el expediente JDC\/64\/2021, el \u00f3rgano electoral estatal pidi\u00f3 la destituci\u00f3n de Mauricio Ricardo Ortega Vera,regidor de Agricultura, Aguas y Panteones, pero la Comisi\u00f3n Permanente de Gobernaci\u00f3n y Asuntos Constitucionales del Congreso del Estado ha hecho caso omiso para dar cumplimiento a la sentencia, denunciaron.<\/p>\n\n\n\n<p>La Comisi\u00f3n Representativa agreg\u00f3 que por este caso acudieron a la Fiscal\u00eda Especializada en Delitos Electorales para un juicio para la protecci\u00f3n de los derechos pol\u00edticos electorales de la regidora en el r\u00e9gimen de Sistemas Normativos Internos bajo el expediente JDC y\/64\/2020, contra el presidente y el regidor.<\/p>\n\n\n\n<p>Pero contra los funcionarios tambi\u00e9n existe otro juicio para la protecci\u00f3n de los derechos pol\u00edticos electorales de la ciudadana Mar\u00eda Isabel P\u00e9rez Rodr\u00edguez, regidora de Educaci\u00f3n, con el expediente JDC\/98\/2021.<\/p>\n\n\n\n<p>Los distintos hechos han sido motivo para que los habitantes presentaran una queja en la Defensor\u00eda de los Derechos Humanos del Pueblo de Oaxaca.<\/p>\n\n\n\n<p>Por lo que surgieron al gobernador su intervenci\u00f3n inmediata para evitar un mayor problema en el municipio.<\/p>\n","protected":false},"excerpt":{"rendered":"<p>Yuridiana Sosa\/Zona Roja. Oaxaca de Ju\u00e1rez, Oax., 26 de mayo de 2021.- Ciudadanos y autoridades&hellip;<\/p>\n","protected":false},"author":2,"featured_media":27746,"comment_status":"closed","ping_status":"open","sticky":false,"template":"","format":"standard","meta":{"_lmt_disableupdate":"","_lmt_disable":"","_jetpack_memberships_contains_paid_content":false,"footnotes":""},"categories":[109,47],"tags":[2360],"class_list":["post-27745","post","type-post","status-publish","format-standard","has-post-thumbnail","hentry","category-minuto-a-minuto","category-zona-gris","tag-ayoquezco-de-aldama"],"jetpack_featured_media_url":"https:\/\/zonaroja.com.mx\/wp-content\/uploads\/2021\/05\/Conferencia-Ayoquezco.jpg","jetpack_sharing_enabled":true,"_links":{"self":[{"href":"https:\/\/zonaroja.com.mx\/index.php?rest_route=\/wp\/v2\/posts\/27745","targetHints":{"allow":["GET"]}}],"collection":[{"href":"https:\/\/zonaroja.com.mx\/index.php?rest_route=\/wp\/v2\/posts"}],"about":[{"href":"https:\/\/zonaroja.com.mx\/index.php?rest_route=\/wp\/v2\/types\/post"}],"author":[{"embeddable":true,"href":"https:\/\/zonaroja.com.mx\/index.php?rest_route=\/wp\/v2\/users\/2"}],"replies":[{"embeddable":true,"href":"https:\/\/zonaroja.com.mx\/index.php?rest_route=%2Fwp%2Fv2%2Fcomments&post=27745"}],"version-history":[{"count":1,"href":"https:\/\/zonaroja.com.mx\/index.php?rest_route=\/wp\/v2\/posts\/27745\/revisions"}],"predecessor-version":[{"id":27747,"href":"https:\/\/zonaroja.com.mx\/index.php?rest_route=\/wp\/v2\/posts\/27745\/revisions\/27747"}],"wp:featuredmedia":[{"embeddable":true,"href":"https:\/\/zonaroja.com.mx\/index.php?rest_route=\/wp\/v2\/media\/27746"}],"wp:attachment":[{"href":"https:\/\/zonaroja.com.mx\/index.php?rest_route=%2Fwp%2Fv2%2Fmedia&parent=27745"}],"wp:term":[{"taxonomy":"category","embeddable":true,"href":"https:\/\/zonaroja.com.mx\/index.php?rest_route=%2Fwp%2Fv2%2Fcategories&post=27745"},{"taxonomy":"post_tag","embeddable":true,"href":"https:\/\/zonaroja.com.mx\/index.php?rest_route=%2Fwp%2Fv2%2Ftags&post=27745"}],"curies":[{"name":"wp","href":"https:\/\/api.w.org\/{rel}","templated":true}]}}