{"id":27752,"date":"2021-05-26T22:07:40","date_gmt":"2021-05-27T03:07:40","guid":{"rendered":"http:\/\/www.zonaroja.com.mx\/?p=27752"},"modified":"2021-05-26T22:07:45","modified_gmt":"2021-05-27T03:07:45","slug":"se-llenara-la-capital-de-basura-cierran-indefinidamente-el-tiradero","status":"publish","type":"post","link":"https:\/\/zonaroja.com.mx\/?p=27752","title":{"rendered":"Se llenar\u00e1 la capital de basura; cierran indefinidamente el tiradero"},"content":{"rendered":"\n<p>Yuridiana Sosa\/Zona Roja.<\/p>\n\n\n\n<p>Oaxaca de Ju\u00e1rez, Oax., 26 de mayo de 2021.- Habitantes de la agencia de Vicente Guerrero, del municipio de Villa de Zaachila, cerraron de forma indefinida el basurero municipal, que recibe residuos de la zona metropolitana, para exigir la destituci\u00f3n de su autoridad auxiliar.<\/p>\n\n\n\n<p>Los quejosos aseveraron que la \u00fanica v\u00eda para que el presidente de Zaachila, C\u00e1stulo Bret\u00f3n Mendoza, y el secretario General de Gobierno, Francisco L\u00f3pez, los atienda, es bloquear los accesos a este espacio ubicado en jurisdicci\u00f3n de su agencia.<\/p>\n\n\n\n<p>Desde el pasado 18 de abril, los habitantes de la Vicente Guerrero desconocieron a Osbaldo Cort\u00e9s S\u00e1nchez como su autoridad auxiliar municipal por presuntas irregularidades en el uso de los recursos p\u00fablicos destinados a esta comunidad.<\/p>\n\n\n\n<p>Por ese motivo, demandaron a la Segego y a la autoridad municipal la destituci\u00f3n de su representante y nombren a un agente interino, as\u00ed como se lleve a cabo una investigaci\u00f3n por los posibles actos de desv\u00edo de recursos, pues aseguran que s\u00f3lo se ha beneficiado de manera personal, neg\u00e1ndose a transparentar el uso de los recursos.<\/p>\n\n\n\n<p>Pero desde hace m\u00e1s de un mes la dependencia que encabeza Francisco L\u00f3pez y el gobierno de Bret\u00f3n Mendoza han ignorado la petici\u00f3n e inconformidad de la agencia, por lo que decidieron el cierre del basurero a partir de este mi\u00e9rcoles y hasta que reciban una respuesta a su favor.<\/p>\n","protected":false},"excerpt":{"rendered":"<p>Yuridiana Sosa\/Zona Roja. Oaxaca de Ju\u00e1rez, Oax., 26 de mayo de 2021.- Habitantes de la&hellip;<\/p>\n","protected":false},"author":2,"featured_media":27753,"comment_status":"closed","ping_status":"open","sticky":false,"template":"","format":"standard","meta":{"_lmt_disableupdate":"","_lmt_disable":"","_jetpack_memberships_contains_paid_content":false,"footnotes":""},"categories":[109,47],"tags":[155],"class_list":["post-27752","post","type-post","status-publish","format-standard","has-post-thumbnail","hentry","category-minuto-a-minuto","category-zona-gris","tag-villa-de-zaachila"],"jetpack_featured_media_url":"https:\/\/zonaroja.com.mx\/wp-content\/uploads\/2021\/05\/Paro-basureto-Guardado.jpg","jetpack_sharing_enabled":true,"_links":{"self":[{"href":"https:\/\/zonaroja.com.mx\/index.php?rest_route=\/wp\/v2\/posts\/27752","targetHints":{"allow":["GET"]}}],"collection":[{"href":"https:\/\/zonaroja.com.mx\/index.php?rest_route=\/wp\/v2\/posts"}],"about":[{"href":"https:\/\/zonaroja.com.mx\/index.php?rest_route=\/wp\/v2\/types\/post"}],"author":[{"embeddable":true,"href":"https:\/\/zonaroja.com.mx\/index.php?rest_route=\/wp\/v2\/users\/2"}],"replies":[{"embeddable":true,"href":"https:\/\/zonaroja.com.mx\/index.php?rest_route=%2Fwp%2Fv2%2Fcomments&post=27752"}],"version-history":[{"count":1,"href":"https:\/\/zonaroja.com.mx\/index.php?rest_route=\/wp\/v2\/posts\/27752\/revisions"}],"predecessor-version":[{"id":27754,"href":"https:\/\/zonaroja.com.mx\/index.php?rest_route=\/wp\/v2\/posts\/27752\/revisions\/27754"}],"wp:featuredmedia":[{"embeddable":true,"href":"https:\/\/zonaroja.com.mx\/index.php?rest_route=\/wp\/v2\/media\/27753"}],"wp:attachment":[{"href":"https:\/\/zonaroja.com.mx\/index.php?rest_route=%2Fwp%2Fv2%2Fmedia&parent=27752"}],"wp:term":[{"taxonomy":"category","embeddable":true,"href":"https:\/\/zonaroja.com.mx\/index.php?rest_route=%2Fwp%2Fv2%2Fcategories&post=27752"},{"taxonomy":"post_tag","embeddable":true,"href":"https:\/\/zonaroja.com.mx\/index.php?rest_route=%2Fwp%2Fv2%2Ftags&post=27752"}],"curies":[{"name":"wp","href":"https:\/\/api.w.org\/{rel}","templated":true}]}}