{"id":27759,"date":"2021-05-27T07:28:25","date_gmt":"2021-05-27T12:28:25","guid":{"rendered":"http:\/\/www.zonaroja.com.mx\/?p=27759"},"modified":"2021-05-27T08:37:13","modified_gmt":"2021-05-27T13:37:13","slug":"en-apoyo-a-morena-musico-oaxaqueno-interpreta-el-tema-defendamos-la-esperanza","status":"publish","type":"post","link":"https:\/\/zonaroja.com.mx\/?p=27759","title":{"rendered":"En apoyo a Morena, m\u00fasico oaxaque\u00f1o interpreta el tema \u201cDefendamos la esperanza\u201d"},"content":{"rendered":"\n<p>Redacci\u00f3n\/Zona Roja.<\/p>\n\n\n\n<p>Oaxaca de Ju\u00e1rez, Oax., 27 de mayo de 2021.. Horacio Sosa Villavicencio se ha convertido es una inspiraci\u00f3n positiva para las y los j\u00f3venes del distrito XVI, con cabecera en Zimatl\u00e1n de \u00c1lvarez, asegur\u00f3 Nelo Canseco, compositor musical, quien escribi\u00f3 una canci\u00f3n con dedicatoria a las y los simpatizantes del candidato morenista.<\/p>\n\n\n\n<p>En entrevista, el compositor oaxaque\u00f1o, se\u00f1al\u00f3 que Sosa Villavicencio es un candidato cercano al pueblo, que se ha ganado el respeto de las personas, por ser solidario y honesto, que cumple, que se preocupa y trabaja por las causas justas.<\/p>\n\n\n\n<p>Expres\u00f3 que su canci\u00f3n busca hacer conciencia a las y los ciudadanos para que defiendan la esperanza, que dice, nos dio \u201cya saben qui\u00e9n\u201d, por un mejor futuro, para Oaxaca y el pa\u00eds.<\/p>\n\n\n\n<figure class=\"wp-block-embed-twitter wp-block-embed is-type-rich is-provider-twitter\"><div class=\"wp-block-embed__wrapper\">\n<div class=\"twitter-tweet\"><blockquote class=\"twitter-tweet\" data-lang=\"es\"><p lang=\"es\" dir=\"ltr\">Comparto parte de la canci\u00f3n que nos compuso el paisano de San Bartolo Coyotepec, <a href=\"https:\/\/twitter.com\/hashtag\/Oaxaca?src=hash&amp;ref_src=twsrc%5Etfw\">#Oaxaca<\/a>, Nelo Canseco . El tema se llama &quot;Defendamos la esperanza&quot;. <br>Muchas gracias a quienes desde su trinchera y desde su maravilloso talento suman a la cuarta transformaci\u00f3n. <a href=\"https:\/\/twitter.com\/Desde_Izquierda?ref_src=twsrc%5Etfw\">@Desde_Izquierda<\/a> <a href=\"https:\/\/t.co\/Uogk0ENP2E\">pic.twitter.com\/Uogk0ENP2E<\/a><\/p>&mdash; Horacio Sosa Villavicencio (@HoracioSosaOax) <a href=\"https:\/\/twitter.com\/HoracioSosaOax\/status\/1396919393595035650?ref_src=twsrc%5Etfw\">24 de mayo de 2021<\/a><\/blockquote><\/div>\n<\/div><\/figure>\n\n\n\n<p>Nelo Canseco lament\u00f3 que pol\u00edticos del PRIAN, hoy pidan la confianza de la gente, cuando por a\u00f1os se han dedicado a saquear Oaxaca; \u201ces una alianza perversa la que crearon estos partidos pol\u00edticos para querer enga\u00f1ar a la gente, pero eso no pasar\u00e1 porque Morena ha dado resultados y apoya a los que menos tienen\u201d expres\u00f3 el joven compositor.<\/p>\n\n\n\n<p>Finalmente, llam\u00f3 a la ciudadan\u00eda a no bajar la guardia y a votar por Morena, para consolidar la Cuarta Transformaci\u00f3n para Oaxaca y a cantar su canci\u00f3n que dijo, con mucho cari\u00f1o construy\u00f3 para contribuir a la defensa del progreso y bienestar de un pueblo libre con justicia y paz social.<\/p>\n\n\n\n<p>El video musical del tema \u201cdefendamos la esperanza\u201d del cantautor Nelo Canseco, se puede escuchar en la p\u00e1gina oficial del candidato a la diputaci\u00f3n local por el distrito XVI con cabecera en Zimatl\u00e1n de \u00c1lvarez, Oaxaca.<\/p>\n","protected":false},"excerpt":{"rendered":"<p>Redacci\u00f3n\/Zona Roja. Oaxaca de Ju\u00e1rez, Oax., 27 de mayo de 2021.. Horacio Sosa Villavicencio se&hellip;<\/p>\n","protected":false},"author":2,"featured_media":27773,"comment_status":"closed","ping_status":"open","sticky":false,"template":"","format":"standard","meta":{"_lmt_disableupdate":"","_lmt_disable":"","_jetpack_memberships_contains_paid_content":false,"footnotes":""},"categories":[109,46],"tags":[444],"class_list":["post-27759","post","type-post","status-publish","format-standard","has-post-thumbnail","hentry","category-minuto-a-minuto","category-zona-blanca","tag-horacio-sosa-villavicencio"],"jetpack_featured_media_url":"https:\/\/zonaroja.com.mx\/wp-content\/uploads\/2021\/05\/Horacio-Sosa-Villavicencio.jpg","jetpack_sharing_enabled":true,"_links":{"self":[{"href":"https:\/\/zonaroja.com.mx\/index.php?rest_route=\/wp\/v2\/posts\/27759","targetHints":{"allow":["GET"]}}],"collection":[{"href":"https:\/\/zonaroja.com.mx\/index.php?rest_route=\/wp\/v2\/posts"}],"about":[{"href":"https:\/\/zonaroja.com.mx\/index.php?rest_route=\/wp\/v2\/types\/post"}],"author":[{"embeddable":true,"href":"https:\/\/zonaroja.com.mx\/index.php?rest_route=\/wp\/v2\/users\/2"}],"replies":[{"embeddable":true,"href":"https:\/\/zonaroja.com.mx\/index.php?rest_route=%2Fwp%2Fv2%2Fcomments&post=27759"}],"version-history":[{"count":1,"href":"https:\/\/zonaroja.com.mx\/index.php?rest_route=\/wp\/v2\/posts\/27759\/revisions"}],"predecessor-version":[{"id":27761,"href":"https:\/\/zonaroja.com.mx\/index.php?rest_route=\/wp\/v2\/posts\/27759\/revisions\/27761"}],"wp:featuredmedia":[{"embeddable":true,"href":"https:\/\/zonaroja.com.mx\/index.php?rest_route=\/wp\/v2\/media\/27773"}],"wp:attachment":[{"href":"https:\/\/zonaroja.com.mx\/index.php?rest_route=%2Fwp%2Fv2%2Fmedia&parent=27759"}],"wp:term":[{"taxonomy":"category","embeddable":true,"href":"https:\/\/zonaroja.com.mx\/index.php?rest_route=%2Fwp%2Fv2%2Fcategories&post=27759"},{"taxonomy":"post_tag","embeddable":true,"href":"https:\/\/zonaroja.com.mx\/index.php?rest_route=%2Fwp%2Fv2%2Ftags&post=27759"}],"curies":[{"name":"wp","href":"https:\/\/api.w.org\/{rel}","templated":true}]}}