{"id":27762,"date":"2021-05-27T07:40:55","date_gmt":"2021-05-27T12:40:55","guid":{"rendered":"http:\/\/www.zonaroja.com.mx\/?p=27762"},"modified":"2021-05-27T07:40:59","modified_gmt":"2021-05-27T12:40:59","slug":"organizacion-perredista-ucd-brinda-todo-su-respaldo-a-javier-villacana","status":"publish","type":"post","link":"https:\/\/zonaroja.com.mx\/?p=27762","title":{"rendered":"Organizaci\u00f3n perredista UCD brinda todo su respaldo a Javier Villaca\u00f1a"},"content":{"rendered":"\n<p>Redacci\u00f3n\/Zona Roja.<\/p>\n\n\n\n<p>Oaxaca de Ju\u00e1rez, Oax., 27 de mayo de 2021.- Dirigentes y militantes de la Uni\u00f3n Campesina Democr\u00e1tica (UCD) y mercaderes de la Alianza de Organizaciones del Estado de Oaxaca, encabezados por Hugo Jarqu\u00edn, se pronunciaron por respaldar la candidatura com\u00fan de Javier Villaca\u00f1a Jim\u00e9nez a la presidencia municipal de Oaxaca de Ju\u00e1rez, porque es la mejor opci\u00f3n para gobernar a la capital del estado.<\/p>\n\n\n\n<p>En el mitin de respaldo celebrado en la calle Mercaderes esquina con avenida Central, cientos de simpatizantes de la UCD y AOEO reconocieron en el candidato com\u00fan de los partidos PAN, PRI y PRD la experiencia y capacidad para rescatar a la ciudad de Oaxaca del abandono, devolviendo la grandeza que siempre le ha caracterizado.<\/p>\n\n\n\n<figure class=\"wp-block-embed-twitter wp-block-embed is-type-rich is-provider-twitter\"><div class=\"wp-block-embed__wrapper\">\n<div class=\"twitter-tweet\"><blockquote class=\"twitter-tweet\" data-lang=\"es\"><p lang=\"es\" dir=\"ltr\">Hoy estamos m\u00e1s unidos que nunca, trabajando en un proyecto que nos llevar\u00e1 a un mejor futuro. Agradezco la estima y confianza que nos brindan mercaderes y simpatizantes de la UCD, para rescatar a <a href=\"https:\/\/twitter.com\/hashtag\/OaxacaDeJu%C3%A1rez?src=hash&amp;ref_src=twsrc%5Etfw\">#OaxacaDeJu\u00e1rez<\/a> del abandono y devolverle su grandeza. <a href=\"https:\/\/twitter.com\/hashtag\/JuntosLoHaremosDeNuevo?src=hash&amp;ref_src=twsrc%5Etfw\">#JuntosLoHaremosDeNuevo<\/a> <a href=\"https:\/\/t.co\/yCXSAvIDd7\">pic.twitter.com\/yCXSAvIDd7<\/a><\/p>&mdash; Javier Villaca\u00f1a (@JavierVillacana) <a href=\"https:\/\/twitter.com\/JavierVillacana\/status\/1397733654550519810?ref_src=twsrc%5Etfw\">27 de mayo de 2021<\/a><\/blockquote><\/div>\n<\/div><\/figure>\n\n\n\n<p>Acompa\u00f1ado de la candidata a diputada local por el distrito electoral XIII, Laura Vignon Carre\u00f1o e integrantes de la planilla de la alianza \u201cVa por Oaxaca\u201d, Javier Villaca\u00f1a Jim\u00e9nez agradeci\u00f3 a la militancia de la UCD y de la Alianza de Organizaciones del Estado de Oaxaca el respaldo y su confianza para encabezar un gobierno plural que responda a las necesidades ciudadanas y los sectores que la conforman.<\/p>\n\n\n\n<p>Arropado por la calidez y cari\u00f1o de los cientos de mercaderes y seguidores de la Uni\u00f3n Campesina Democr\u00e1tica m\u00e1s ciudadanos que se sumaron espont\u00e1neamente a las muestras de apoyo, el candidato puntero en todas las encuestas por la presidencia municipal capitalina, Javier Villaca\u00f1a Jim\u00e9nez, confi\u00f3 en el pr\u00f3ximo triunfo de la planilla com\u00fan del PAN, PRI y PRD porque tiene propuestas reales que atienden las demandas de la sociedad y no est\u00e1n sustentadas en la demagogia y la doble moral.<\/p>\n","protected":false},"excerpt":{"rendered":"<p>Redacci\u00f3n\/Zona Roja. Oaxaca de Ju\u00e1rez, Oax., 27 de mayo de 2021.- Dirigentes y militantes de&hellip;<\/p>\n","protected":false},"author":2,"featured_media":27763,"comment_status":"closed","ping_status":"open","sticky":false,"template":"","format":"standard","meta":{"_lmt_disableupdate":"","_lmt_disable":"","_jetpack_memberships_contains_paid_content":false,"footnotes":""},"categories":[109,47],"tags":[2456],"class_list":["post-27762","post","type-post","status-publish","format-standard","has-post-thumbnail","hentry","category-minuto-a-minuto","category-zona-gris","tag-javier-villacana-jimenez"],"jetpack_featured_media_url":"https:\/\/zonaroja.com.mx\/wp-content\/uploads\/2021\/05\/26May-UCD_2.jpeg","jetpack_sharing_enabled":true,"_links":{"self":[{"href":"https:\/\/zonaroja.com.mx\/index.php?rest_route=\/wp\/v2\/posts\/27762","targetHints":{"allow":["GET"]}}],"collection":[{"href":"https:\/\/zonaroja.com.mx\/index.php?rest_route=\/wp\/v2\/posts"}],"about":[{"href":"https:\/\/zonaroja.com.mx\/index.php?rest_route=\/wp\/v2\/types\/post"}],"author":[{"embeddable":true,"href":"https:\/\/zonaroja.com.mx\/index.php?rest_route=\/wp\/v2\/users\/2"}],"replies":[{"embeddable":true,"href":"https:\/\/zonaroja.com.mx\/index.php?rest_route=%2Fwp%2Fv2%2Fcomments&post=27762"}],"version-history":[{"count":1,"href":"https:\/\/zonaroja.com.mx\/index.php?rest_route=\/wp\/v2\/posts\/27762\/revisions"}],"predecessor-version":[{"id":27764,"href":"https:\/\/zonaroja.com.mx\/index.php?rest_route=\/wp\/v2\/posts\/27762\/revisions\/27764"}],"wp:featuredmedia":[{"embeddable":true,"href":"https:\/\/zonaroja.com.mx\/index.php?rest_route=\/wp\/v2\/media\/27763"}],"wp:attachment":[{"href":"https:\/\/zonaroja.com.mx\/index.php?rest_route=%2Fwp%2Fv2%2Fmedia&parent=27762"}],"wp:term":[{"taxonomy":"category","embeddable":true,"href":"https:\/\/zonaroja.com.mx\/index.php?rest_route=%2Fwp%2Fv2%2Fcategories&post=27762"},{"taxonomy":"post_tag","embeddable":true,"href":"https:\/\/zonaroja.com.mx\/index.php?rest_route=%2Fwp%2Fv2%2Ftags&post=27762"}],"curies":[{"name":"wp","href":"https:\/\/api.w.org\/{rel}","templated":true}]}}