{"id":27765,"date":"2021-05-27T07:54:16","date_gmt":"2021-05-27T12:54:16","guid":{"rendered":"http:\/\/www.zonaroja.com.mx\/?p=27765"},"modified":"2021-05-27T07:54:19","modified_gmt":"2021-05-27T12:54:19","slug":"asegura-el-incude-que-respalda-a-paraciclista-olimpica","status":"publish","type":"post","link":"https:\/\/zonaroja.com.mx\/?p=27765","title":{"rendered":"Asegura el Incude que respalda a paraciclista ol\u00edmpica"},"content":{"rendered":"\n<p>Redacci\u00f3n\/Zona Roja.<\/p>\n\n\n\n<p>Oaxaca de Ju\u00e1rez, Oax., 27 de mayo de 2021.- El Instituto de Cultura F\u00edsica y Deporte de Oaxaca (Incude Oaxaca), es el m\u00e1ximo rector del deporte en el estado de Oaxaca y dentro de sus funciones est\u00e1 la de cobijar a las y los deportistas que transitan en parte de su formaci\u00f3n, hasta llegar a ser talento deportivo, alta competencia y alto rendimiento.<\/p>\n\n\n\n<p>Tal es el caso de la paracilcista Gilda Andrea Hern\u00e1ndez Ram\u00edrez, quien ha representado a Oaxaca en Paralimpiada Nacional obteniendo par de medallas de oro, mismas que le valieron la ser considerada a eventos internacionales.<\/p>\n\n\n\n<p>En su m\u00e1s reciente participaci\u00f3n, la seleccionada obtuvo el quinto lugar en la prueba de ruta en el campeonato mundial realizado en B\u00e9lgica, por lo cual el Incude Oaxaca celebra el logro de la tambi\u00e9n galardonada con el Premio Estatal del Deporte 2020.<\/p>\n\n\n\n<p>Es de resaltar que el Incude Oaxaca vela por cada una de las y los deportistas, quienes son apoyados luego que, por medio de su asociaci\u00f3n deportiva, presentan su Programa Operativo Anual (POA), el cual se va modificando con el paso de los meses por modificaciones de fechas.<\/p>\n\n\n\n<p>Con base en eso, el Incude Oaxaca realiza las gestiones pertinentes para la otorgaci\u00f3n del apoyo, por lo que es imprescindible que las y los deportistas, as\u00ed como las asociaciones deportivas, den a conocer su planeaci\u00f3n.<\/p>\n\n\n\n<p>\u201cGilda tiene mi n\u00famero de tel\u00e9fono, sabe que en cualquier momento puede solicitar una reuni\u00f3n para conocer sus necesidades como ha sucedido otras veces, pero en esta ocasi\u00f3n, me enter\u00e9 de la competencia ya que estaba en concentraci\u00f3n en el Centro Paral\u00edmpico Mexicano\u201d, dijo Montserrat de los \u00c1ngeles Arag\u00f3n Heinze, directora del Incude Oaxaca.<\/p>\n\n\n\n<p>Agreg\u00f3 que Gilda es un talento oaxaque\u00f1o que ha recibido el apoyo y respaldo no solamente del Incude Oaxaca, si no del Gobierno del Estado de Oaxaca en general, siempre en aras de que llegue realice una mejor competencia cada d\u00eda.<\/p>\n","protected":false},"excerpt":{"rendered":"<p>Redacci\u00f3n\/Zona Roja. Oaxaca de Ju\u00e1rez, Oax., 27 de mayo de 2021.- El Instituto de Cultura&hellip;<\/p>\n","protected":false},"author":2,"featured_media":27766,"comment_status":"closed","ping_status":"open","sticky":false,"template":"","format":"standard","meta":{"_lmt_disableupdate":"","_lmt_disable":"","_jetpack_memberships_contains_paid_content":false,"footnotes":""},"categories":[109,46],"tags":[2697],"class_list":["post-27765","post","type-post","status-publish","format-standard","has-post-thumbnail","hentry","category-minuto-a-minuto","category-zona-blanca","tag-gilda-andrea-hernandez-ramirez"],"jetpack_featured_media_url":"https:\/\/zonaroja.com.mx\/wp-content\/uploads\/2021\/05\/Gilda-Andrea-Hernandez-paraciclista.jpg","jetpack_sharing_enabled":true,"_links":{"self":[{"href":"https:\/\/zonaroja.com.mx\/index.php?rest_route=\/wp\/v2\/posts\/27765","targetHints":{"allow":["GET"]}}],"collection":[{"href":"https:\/\/zonaroja.com.mx\/index.php?rest_route=\/wp\/v2\/posts"}],"about":[{"href":"https:\/\/zonaroja.com.mx\/index.php?rest_route=\/wp\/v2\/types\/post"}],"author":[{"embeddable":true,"href":"https:\/\/zonaroja.com.mx\/index.php?rest_route=\/wp\/v2\/users\/2"}],"replies":[{"embeddable":true,"href":"https:\/\/zonaroja.com.mx\/index.php?rest_route=%2Fwp%2Fv2%2Fcomments&post=27765"}],"version-history":[{"count":1,"href":"https:\/\/zonaroja.com.mx\/index.php?rest_route=\/wp\/v2\/posts\/27765\/revisions"}],"predecessor-version":[{"id":27767,"href":"https:\/\/zonaroja.com.mx\/index.php?rest_route=\/wp\/v2\/posts\/27765\/revisions\/27767"}],"wp:featuredmedia":[{"embeddable":true,"href":"https:\/\/zonaroja.com.mx\/index.php?rest_route=\/wp\/v2\/media\/27766"}],"wp:attachment":[{"href":"https:\/\/zonaroja.com.mx\/index.php?rest_route=%2Fwp%2Fv2%2Fmedia&parent=27765"}],"wp:term":[{"taxonomy":"category","embeddable":true,"href":"https:\/\/zonaroja.com.mx\/index.php?rest_route=%2Fwp%2Fv2%2Fcategories&post=27765"},{"taxonomy":"post_tag","embeddable":true,"href":"https:\/\/zonaroja.com.mx\/index.php?rest_route=%2Fwp%2Fv2%2Ftags&post=27765"}],"curies":[{"name":"wp","href":"https:\/\/api.w.org\/{rel}","templated":true}]}}