{"id":27768,"date":"2021-05-27T07:57:10","date_gmt":"2021-05-27T12:57:10","guid":{"rendered":"http:\/\/www.zonaroja.com.mx\/?p=27768"},"modified":"2021-05-27T07:57:15","modified_gmt":"2021-05-27T12:57:15","slug":"en-santa-cruz-amilpas-el-verdadero-progreso-es-con-fuerza-con-mexico","status":"publish","type":"post","link":"https:\/\/zonaroja.com.mx\/?p=27768","title":{"rendered":"En Santa Cruz Amilpas el verdadero progreso es con Fuerza con M\u00e9xico"},"content":{"rendered":"\n<p>Yuridiana Sosa\/Zona Roja.<\/p>\n\n\n\n<p>Oaxaca de Ju\u00e1rez, Oax., 26 de mayo de 2021.- A menos dos semanas de la contienda electoral, la candidata a la presidencia municipal de Santa Cruz Amilpas, de Fuerza con M\u00e9xico, Livia Hern\u00e1ndez Garc\u00eda, confi\u00f3 en el voto razonado de la poblaci\u00f3n a su favor, pues existe un hartazgo ciudadano contra el resto de los partidos.<\/p>\n\n\n\n<p>En entrevista con ZONA ROJA Oaxaca, la aspirante a edil apunt\u00f3 que desde el \u00e1mbito del servicio p\u00fablico, como m\u00e9dico ha acumulado experiencia en la labor social a favor de los distintos sectores de la sociedad, lo cual es indispensable para atender las necesidades de su poblaci\u00f3n.<\/p>\n\n\n\n<p>Hern\u00e1ndez Garc\u00eda es doctora de profesi\u00f3n con especialidad en Pediatr\u00eda, la cual ha ejercido desde hospitales p\u00fablicos como el de la Ni\u00f1ez Oaxaque\u00f1a, as\u00ed como ha formado parte de asociaciones civiles, desde donde tambi\u00e9n ha impartido talleres de orientaci\u00f3n a favor de las juventudes.<\/p>\n\n\n\n<p>Para ella, como para su partido Fuerza por M\u00e9xico, este es su primer proceso electoral que enfrenta, pero lo hace sin miedo y con compromiso para trabajar por un cambio verdadero para Santa Cruz Amilpas, apunt\u00f3.<\/p>\n\n\n\n<figure class=\"wp-block-embed-twitter wp-block-embed is-type-rich is-provider-twitter\"><div class=\"wp-block-embed__wrapper\">\n<div class=\"twitter-tweet\"><blockquote class=\"twitter-tweet\" data-lang=\"es\"><p lang=\"es\" dir=\"ltr\"><a href=\"https:\/\/twitter.com\/hashtag\/ENVIVO?src=hash&amp;ref_src=twsrc%5Etfw\">#ENVIVO<\/a><br>Santa Cruz Amilpas, Oax., 26 de mayo de 2021.- Entrevista a Livia Hern\u00e1ndez Garc\u00eda, candidata a presidenta municipal de Fuerza por M\u00e9xico en Santa Cruz Amilpas.<br><br>Siga aqu\u00ed la transmisi\u00f3n:<br>\ud83d\udc47<a href=\"https:\/\/t.co\/Q80Ona631A\">https:\/\/t.co\/Q80Ona631A<\/a> <a href=\"https:\/\/t.co\/k9OFg6vki2\">pic.twitter.com\/k9OFg6vki2<\/a><\/p>&mdash; Zona Roja Oaxaca (@Zona_Roja_Oax) <a href=\"https:\/\/twitter.com\/Zona_Roja_Oax\/status\/1397607536300277763?ref_src=twsrc%5Etfw\">26 de mayo de 2021<\/a><\/blockquote><\/div>\n<\/div><\/figure>\n\n\n\n<p>Durante m\u00e1s de tres semanas de campa\u00f1a, adem\u00e1s de ser oriunda de este municipio, Livia Hern\u00e1ndez ha recorrido las colonias y agencias de su comunidad, en las que reconoce la gran labor que se tiene que realizar para que haya un progreso verdadero.<\/p>\n\n\n\n<p>Para Santa Cruz Amilpas, conurbado a la capital en la zona oriente, propone abatir los rezagos en los servicios b\u00e1sicos, desde energ\u00eda el\u00e9ctrica, alumbrado p\u00fablico, agua potable y hasta pavimentaci\u00f3n de calles que forman parte de una mejora los problemas de atenci\u00f3n en la seguridad y salud p\u00fablica.<\/p>\n\n\n\n<p>La candidata llam\u00f3 a la poblaci\u00f3n a que el pr\u00f3ximo 6 de junio ejerzan un voto razonado y a favor de Fuerza por M\u00e9xico, pues en esta f\u00f3rmula que encabeza se encuentran personas comprometidas, con formaci\u00f3n y vocaci\u00f3n de servicio, pero, sobre todo, que no le han fallado a su comunidad.<\/p>\n","protected":false},"excerpt":{"rendered":"<p>Yuridiana Sosa\/Zona Roja. Oaxaca de Ju\u00e1rez, Oax., 26 de mayo de 2021.- A menos dos&hellip;<\/p>\n","protected":false},"author":2,"featured_media":27769,"comment_status":"closed","ping_status":"open","sticky":false,"template":"","format":"standard","meta":{"_lmt_disableupdate":"","_lmt_disable":"","_jetpack_memberships_contains_paid_content":false,"footnotes":""},"categories":[109,46],"tags":[2707],"class_list":["post-27768","post","type-post","status-publish","format-standard","has-post-thumbnail","hentry","category-minuto-a-minuto","category-zona-blanca","tag-livia-hernandez-garcia"],"jetpack_featured_media_url":"https:\/\/zonaroja.com.mx\/wp-content\/uploads\/2021\/05\/Livia-Hernandez-Garcia.jpg","jetpack_sharing_enabled":true,"_links":{"self":[{"href":"https:\/\/zonaroja.com.mx\/index.php?rest_route=\/wp\/v2\/posts\/27768","targetHints":{"allow":["GET"]}}],"collection":[{"href":"https:\/\/zonaroja.com.mx\/index.php?rest_route=\/wp\/v2\/posts"}],"about":[{"href":"https:\/\/zonaroja.com.mx\/index.php?rest_route=\/wp\/v2\/types\/post"}],"author":[{"embeddable":true,"href":"https:\/\/zonaroja.com.mx\/index.php?rest_route=\/wp\/v2\/users\/2"}],"replies":[{"embeddable":true,"href":"https:\/\/zonaroja.com.mx\/index.php?rest_route=%2Fwp%2Fv2%2Fcomments&post=27768"}],"version-history":[{"count":1,"href":"https:\/\/zonaroja.com.mx\/index.php?rest_route=\/wp\/v2\/posts\/27768\/revisions"}],"predecessor-version":[{"id":27770,"href":"https:\/\/zonaroja.com.mx\/index.php?rest_route=\/wp\/v2\/posts\/27768\/revisions\/27770"}],"wp:featuredmedia":[{"embeddable":true,"href":"https:\/\/zonaroja.com.mx\/index.php?rest_route=\/wp\/v2\/media\/27769"}],"wp:attachment":[{"href":"https:\/\/zonaroja.com.mx\/index.php?rest_route=%2Fwp%2Fv2%2Fmedia&parent=27768"}],"wp:term":[{"taxonomy":"category","embeddable":true,"href":"https:\/\/zonaroja.com.mx\/index.php?rest_route=%2Fwp%2Fv2%2Fcategories&post=27768"},{"taxonomy":"post_tag","embeddable":true,"href":"https:\/\/zonaroja.com.mx\/index.php?rest_route=%2Fwp%2Fv2%2Ftags&post=27768"}],"curies":[{"name":"wp","href":"https:\/\/api.w.org\/{rel}","templated":true}]}}