{"id":2777,"date":"2019-08-03T09:00:05","date_gmt":"2019-08-03T14:00:05","guid":{"rendered":"http:\/\/www.zonaroja.com.mx\/?p=2777"},"modified":"2019-08-02T22:00:53","modified_gmt":"2019-08-03T03:00:53","slug":"falla-el-estado-en-atencion-a-casos-de-violencia-contra-mujeres-consorcio","status":"publish","type":"post","link":"https:\/\/zonaroja.com.mx\/?p=2777","title":{"rendered":"Falla el Estado en atenci\u00f3n a casos de violencia contra mujeres: Consorcio"},"content":{"rendered":"\n<p>Redacci\u00f3n<\/p>\n\n\n\n<p>Oaxaca de Ju\u00e1rez, Oax., 3 de agosto de 2019.- Bajo la premisa de que el Estado ha fallado en la atenci\u00f3n de los casos de violencia contra las mujeres, el Observatorio Ciudadano Nacional del Feminicidio inici\u00f3 la campa\u00f1a #AlertaQueSeaEfectiva en la Rep\u00fablica Mexicana.<\/p>\n\n\n\n<p>A esa\niniciativa se uni\u00f3 la organizaci\u00f3n Consorcio para el Di\u00e1logo Parlamentario y la\nEquidad Oaxaca, que forma parte de dicho Observatorio.<\/p>\n\n\n\n<p>\u00abEl Estado est\u00e1 fallando desde la atenci\u00f3n en los casos de violencia contra las mujeres, en virtud de que no hace nada para prevenir, pues cuando reciben denuncias se niegan a emitir las \u00f3rdenes de protecci\u00f3n que pudieran salvar vidas. <\/p>\n\n\n\n<figure class=\"wp-block-embed-twitter wp-block-embed is-type-rich is-provider-twitter\"><div class=\"wp-block-embed__wrapper\">\n<div class=\"twitter-tweet\"><blockquote class=\"twitter-tweet\" data-lang=\"es\"><p lang=\"es\" dir=\"ltr\">OAXACA | El Estado falla desde la atenci\u00f3n en los casos de violencia contra las mujeres, no hace nada para prevenir, cuando reciben denuncias se niegan a emitir las \u00f3rdenes de protecci\u00f3n que pudieran salvar vidas:Lourdes L\u00f3pez Velasco, <a href=\"https:\/\/twitter.com\/consorciooaxaca?ref_src=twsrc%5Etfw\">@consorciooaxaca<\/a> <a href=\"https:\/\/twitter.com\/hashtag\/AlertaQueSeaEfectiva?src=hash&amp;ref_src=twsrc%5Etfw\">#AlertaQueSeaEfectiva<\/a> <a href=\"https:\/\/t.co\/Xe2Kdw6JA4\">pic.twitter.com\/Xe2Kdw6JA4<\/a><\/p>&mdash; FeminicidioOCNF (@OCNF) <a href=\"https:\/\/twitter.com\/OCNF\/status\/1157310193086210050?ref_src=twsrc%5Etfw\">2 de agosto de 2019<\/a><\/blockquote><\/div>\n<\/div><\/figure>\n\n\n\n<p>\u201cPor otro\nlado, cuando ya est\u00e1 un asunto en manos del Ministerio P\u00fablico para seguir la\ninvestigaci\u00f3n y judicializar hacia un proceso, tambi\u00e9n hace falta la\nperspectiva de g\u00e9nero, es decir, no entienden el contexto que ha vivido una\nmujer para atreverse a denunciar.<\/p>\n\n\n\n<p>\u201cEs muy grave\nlo que una mujer ha vivido, es mucha la violencia que ha sufrido para poder\natreverse a acudir ante una autoridad a contar sus intimidades, a contar su\nvida con la esperanza de justicia\u00bb, sostiene Lourdes L\u00f3pez Velasco,\nresponsable de la unidad jur\u00eddica de Consorcio Oaxaca.<\/p>\n\n\n\n<p>En un\ncomunicado, tambi\u00e9n se\u00f1ala que \u00abes importante exigirle al Estado que sean\ndictadas sentencias severas que queden como precedente para que la ciudadan\u00eda\nvean que los agresores y la ciudadan\u00eda vean que no existe permisibilidad del\nEstado, porque de no dictar sentencias severas implica que el delito queda en\nla impunidad y que la v\u00edctima, adem\u00e1s de ser v\u00edctima del delito, es v\u00edctima de\nviolencia institucional\u00bb.<\/p>\n","protected":false},"excerpt":{"rendered":"<p>Redacci\u00f3n Oaxaca de Ju\u00e1rez, Oax., 3 de agosto de 2019.- Bajo la premisa de que&hellip;<\/p>\n","protected":false},"author":2,"featured_media":2351,"comment_status":"closed","ping_status":"open","sticky":false,"template":"","format":"standard","meta":{"_lmt_disableupdate":"","_lmt_disable":"","_jetpack_memberships_contains_paid_content":false,"footnotes":""},"categories":[109,51],"tags":[461],"class_list":["post-2777","post","type-post","status-publish","format-standard","has-post-thumbnail","hentry","category-minuto-a-minuto","category-zona-roja","tag-violencia-feminicida-oaxaca"],"jetpack_featured_media_url":"https:\/\/zonaroja.com.mx\/wp-content\/uploads\/2019\/07\/Femincidio-3.jpg","jetpack_sharing_enabled":true,"_links":{"self":[{"href":"https:\/\/zonaroja.com.mx\/index.php?rest_route=\/wp\/v2\/posts\/2777","targetHints":{"allow":["GET"]}}],"collection":[{"href":"https:\/\/zonaroja.com.mx\/index.php?rest_route=\/wp\/v2\/posts"}],"about":[{"href":"https:\/\/zonaroja.com.mx\/index.php?rest_route=\/wp\/v2\/types\/post"}],"author":[{"embeddable":true,"href":"https:\/\/zonaroja.com.mx\/index.php?rest_route=\/wp\/v2\/users\/2"}],"replies":[{"embeddable":true,"href":"https:\/\/zonaroja.com.mx\/index.php?rest_route=%2Fwp%2Fv2%2Fcomments&post=2777"}],"version-history":[{"count":1,"href":"https:\/\/zonaroja.com.mx\/index.php?rest_route=\/wp\/v2\/posts\/2777\/revisions"}],"predecessor-version":[{"id":2778,"href":"https:\/\/zonaroja.com.mx\/index.php?rest_route=\/wp\/v2\/posts\/2777\/revisions\/2778"}],"wp:featuredmedia":[{"embeddable":true,"href":"https:\/\/zonaroja.com.mx\/index.php?rest_route=\/wp\/v2\/media\/2351"}],"wp:attachment":[{"href":"https:\/\/zonaroja.com.mx\/index.php?rest_route=%2Fwp%2Fv2%2Fmedia&parent=2777"}],"wp:term":[{"taxonomy":"category","embeddable":true,"href":"https:\/\/zonaroja.com.mx\/index.php?rest_route=%2Fwp%2Fv2%2Fcategories&post=2777"},{"taxonomy":"post_tag","embeddable":true,"href":"https:\/\/zonaroja.com.mx\/index.php?rest_route=%2Fwp%2Fv2%2Ftags&post=2777"}],"curies":[{"name":"wp","href":"https:\/\/api.w.org\/{rel}","templated":true}]}}