{"id":27789,"date":"2021-05-27T15:28:35","date_gmt":"2021-05-27T20:28:35","guid":{"rendered":"http:\/\/www.zonaroja.com.mx\/?p=27789"},"modified":"2021-05-27T15:28:38","modified_gmt":"2021-05-27T20:28:38","slug":"condena-javier-villacana-violencia-politica-en-actual-proceso-electoral","status":"publish","type":"post","link":"https:\/\/zonaroja.com.mx\/?p=27789","title":{"rendered":"Condena Javier Villaca\u00f1a violencia pol\u00edtica en actual proceso electoral"},"content":{"rendered":"\n<p>Yuridiana Sosa\/Zona Roja.<\/p>\n\n\n\n<p>Oaxaca de Ju\u00e1rez, Oax., 27 de mayo de 2021.- \u201cSi perdemos la paz social, perdemos todo\u201d, manifest\u00f3 Javier Villaca\u00f1a Jim\u00e9nez, candidato a la presidencia municipal de la capital por la alianza \u201cVa por Oaxaca\u201d, al condenar los actos de violencia en Oaxaca y el pa\u00eds que han empa\u00f1ado el actual proceso electoral.<\/p>\n\n\n\n<p>Durante su conferencia de prensa de este jueves, se\u00f1al\u00f3 que la idea de una campa\u00f1a es que se confronten las propuestas e ideas, pero, cuando la violencia se hace presente, como ha ocurrido incluso con la ejecuci\u00f3n de candidatos, es de cuidado porque se pierde la paz.<\/p>\n\n\n\n<p>\u201cLa violencia hace que perdamos todo\u201d, reiter\u00f3 el aspirante a edil de la coalici\u00f3n PRI-PAN-PRD, quien agreg\u00f3 que cada partido estar\u00e1 encargado de vigilar que durante la jornada electoral no haya desmanes que entorpezcan el ejercicio del voto.<\/p>\n\n\n\n<p>Pero, afirm\u00f3 que es al \u00f3rgano electoral y el Estado los responsables de que la seguridad para los candidatos, militancia y ciudadan\u00eda se garanticen en los comicios y lo que resta de la campa\u00f1a.<\/p>\n\n\n\n<figure class=\"wp-block-embed-twitter wp-block-embed is-type-rich is-provider-twitter\"><div class=\"wp-block-embed__wrapper\">\n<div class=\"twitter-tweet\"><blockquote class=\"twitter-tweet\" data-lang=\"es\"><p lang=\"es\" dir=\"ltr\"><a href=\"https:\/\/twitter.com\/hashtag\/ENVIVO?src=hash&amp;ref_src=twsrc%5Etfw\">#ENVIVO<\/a> <br>Oaxaca de Ju\u00e1rez, Oax., 27 de mayo de 2021.- Conferencia de prensa de <a href=\"https:\/\/twitter.com\/JavierVillacana?ref_src=twsrc%5Etfw\">@JavierVillacana<\/a>, candidato a presidente municipal de Oaxaca de Ju\u00e1rez de la alianza \u201cVa por Oaxaca\u201d.<br>Aqu\u00ed la transmisi\u00f3n: <br>\ud83d\udc47<a href=\"https:\/\/t.co\/gACKjo4xzR\">https:\/\/t.co\/gACKjo4xzR<\/a> <a href=\"https:\/\/t.co\/SmQd4OODXY\">pic.twitter.com\/SmQd4OODXY<\/a><\/p>&mdash; Zona Roja Oaxaca (@Zona_Roja_Oax) <a href=\"https:\/\/twitter.com\/Zona_Roja_Oax\/status\/1397919628098080781?ref_src=twsrc%5Etfw\">27 de mayo de 2021<\/a><\/blockquote><\/div>\n<\/div><\/figure>\n\n\n\n<p>M\u00c1S COMPROMISOS<\/p>\n\n\n\n<p>Javier Villaca\u00f1a anunci\u00f3 que contin\u00faa con la firma de compromisos con los diferentes sectores, as\u00ed como la creaci\u00f3n de agendas de trabajo y recepci\u00f3n de propuestas por parte de la ciudadana para que se valoren durante su gobierno.<\/p>\n\n\n\n<p>El m\u00e1s reciente compromiso lo realiz\u00f3 con el rubro de hoteleros del sector turismo, con quienes se firmaron seis propuestas de parte del candidato y otras m\u00e1s por los empresarios.<\/p>\n\n\n\n<p>En el tema de la inseguridad actual en la capital, se\u00f1al\u00f3 que es necesaria la restituci\u00f3n de la confianza ciudadana en la Polic\u00eda Municipal y para lo cual ya tiene dise\u00f1ado varias estrategias.<\/p>\n\n\n\n<p>Record\u00f3 que durante su gesti\u00f3n hace dos periodos fue la \u00faltima vez que se invirti\u00f3 en la entrega de patrullas, por lo que reafirm\u00f3 su compromiso en esta materia.<\/p>\n","protected":false},"excerpt":{"rendered":"<p>Yuridiana Sosa\/Zona Roja. Oaxaca de Ju\u00e1rez, Oax., 27 de mayo de 2021.- \u201cSi perdemos la&hellip;<\/p>\n","protected":false},"author":2,"featured_media":27790,"comment_status":"closed","ping_status":"open","sticky":false,"template":"","format":"standard","meta":{"_lmt_disableupdate":"","_lmt_disable":"","_jetpack_memberships_contains_paid_content":false,"footnotes":""},"categories":[109,46],"tags":[2456],"class_list":["post-27789","post","type-post","status-publish","format-standard","has-post-thumbnail","hentry","category-minuto-a-minuto","category-zona-blanca","tag-javier-villacana-jimenez"],"jetpack_featured_media_url":"https:\/\/zonaroja.com.mx\/wp-content\/uploads\/2021\/05\/Javier-Villacana.jpg","jetpack_sharing_enabled":true,"_links":{"self":[{"href":"https:\/\/zonaroja.com.mx\/index.php?rest_route=\/wp\/v2\/posts\/27789","targetHints":{"allow":["GET"]}}],"collection":[{"href":"https:\/\/zonaroja.com.mx\/index.php?rest_route=\/wp\/v2\/posts"}],"about":[{"href":"https:\/\/zonaroja.com.mx\/index.php?rest_route=\/wp\/v2\/types\/post"}],"author":[{"embeddable":true,"href":"https:\/\/zonaroja.com.mx\/index.php?rest_route=\/wp\/v2\/users\/2"}],"replies":[{"embeddable":true,"href":"https:\/\/zonaroja.com.mx\/index.php?rest_route=%2Fwp%2Fv2%2Fcomments&post=27789"}],"version-history":[{"count":1,"href":"https:\/\/zonaroja.com.mx\/index.php?rest_route=\/wp\/v2\/posts\/27789\/revisions"}],"predecessor-version":[{"id":27791,"href":"https:\/\/zonaroja.com.mx\/index.php?rest_route=\/wp\/v2\/posts\/27789\/revisions\/27791"}],"wp:featuredmedia":[{"embeddable":true,"href":"https:\/\/zonaroja.com.mx\/index.php?rest_route=\/wp\/v2\/media\/27790"}],"wp:attachment":[{"href":"https:\/\/zonaroja.com.mx\/index.php?rest_route=%2Fwp%2Fv2%2Fmedia&parent=27789"}],"wp:term":[{"taxonomy":"category","embeddable":true,"href":"https:\/\/zonaroja.com.mx\/index.php?rest_route=%2Fwp%2Fv2%2Fcategories&post=27789"},{"taxonomy":"post_tag","embeddable":true,"href":"https:\/\/zonaroja.com.mx\/index.php?rest_route=%2Fwp%2Fv2%2Ftags&post=27789"}],"curies":[{"name":"wp","href":"https:\/\/api.w.org\/{rel}","templated":true}]}}