{"id":2779,"date":"2019-08-02T22:17:09","date_gmt":"2019-08-03T03:17:09","guid":{"rendered":"http:\/\/www.zonaroja.com.mx\/?p=2779"},"modified":"2019-08-02T22:17:12","modified_gmt":"2019-08-03T03:17:12","slug":"insiste-delincuencia-en-burlarse-de-acuerdos-fiscalia-tiendas-oxxo","status":"publish","type":"post","link":"https:\/\/zonaroja.com.mx\/?p=2779","title":{"rendered":"Insiste delincuencia en burlarse de acuerdos Fiscal\u00eda-Tiendas Oxxo"},"content":{"rendered":"\n<p>Redacci\u00f3n\/ZonaRoja.\n<\/p>\n\n\n\n<p>Oaxaca de\nJu\u00e1rez, Oax., 2 de agosto de 2019.- A una semana de los acuerdos entre la\nFiscal\u00eda General del Estado de Oaxaca y la coordinaci\u00f3n sureste de Tiendas\nOxxo, los asaltos a sucursales de esa firma se han incrementado.<\/p>\n\n\n\n<p>La tarde de\neste viernes, al menos dos individuos armados asaltaron la tienda ubicada en la\navenida 18 de Marzo esquina con 16 de Septiembre del centro de esa ciudad\nubicada en la regi\u00f3n de la Cuenca.<\/p>\n\n\n\n<p>Tras\ningresar, amagaron a empleados y clientes para despojarlos de dinero en\nefectivo y equipos y se dieron a la fuga, sin que ninguna corporaci\u00f3n policiaca\nlo impidiera a tiempo. <\/p>\n\n\n\n<p>Una patrulla\nsali\u00f3 en b\u00fasqueda de ellos, pero no tuvieron \u00e9xito; en dicho municipio tambi\u00e9n\nse encuentra instalada una base de la Guardia Nacional, pero los delitos no se\nhan frenado en Tuxtepec.<\/p>\n\n\n\n<p>Mientras\ntanto, en la avenida L\u00e1zaro C\u00e1rdenas de Santa Luc\u00eda del Camino, frente a un\nCentro de Estudios de Bachillerato Tecnol\u00f3gico, otra tienda Oxxo fue asaltada,\npr\u00e1cticamente con el mismo modo de operar. <\/p>\n\n\n\n<p>Pese a que\nel establecimiento se localiza a unas tres cuadras del palacio municipal y de\nla sede de la Polic\u00eda Municipal, \u00e9stos no pudieron llegar a tiempo para impedir\nel atraco.<\/p>\n\n\n\n<p>En ambos\ncasos no hay personas detenidas.<\/p>\n\n\n\n<p>Apenas el pasado 26 de julio, el titular de la Fiscal\u00eda, Rub\u00e9n Vasconcelos M\u00e9ndez, se reuni\u00f3 con directivos de Tiendas Oxxo a nivel regi\u00f3n sureste del pa\u00eds, con quienes se comprometi\u00f3 a indagar los delitos y castigar a los responsables.<\/p>\n\n\n\n<figure class=\"wp-block-embed-twitter wp-block-embed is-type-rich is-provider-twitter\"><div class=\"wp-block-embed__wrapper\">\n<div class=\"twitter-tweet\"><blockquote class=\"twitter-tweet\" data-lang=\"es\"><p lang=\"es\" dir=\"ltr\">En un encuentro con empresarios de <a href=\"https:\/\/twitter.com\/Tiendas_OXXO?ref_src=twsrc%5Etfw\">@Tiendas_OXXO<\/a>-Zona Sureste y <a href=\"https:\/\/twitter.com\/hashtag\/Oaxaca?src=hash&amp;ref_src=twsrc%5Etfw\">#Oaxaca<\/a>, el Fiscal General, <a href=\"https:\/\/twitter.com\/RVasconcelosM?ref_src=twsrc%5Etfw\">@RVasconcelosM<\/a> reiter\u00f3 el compromiso de la Instituci\u00f3n de fortalecer la acci\u00f3n de la justicia contra infractores que han cometido delitos en perjuicio de esta tienda de conveniencia <a href=\"https:\/\/t.co\/igAStnle8G\">pic.twitter.com\/igAStnle8G<\/a><\/p>&mdash; Fiscal\u00eda General (@FISCALIA_GobOax) <a href=\"https:\/\/twitter.com\/FISCALIA_GobOax\/status\/1155214189322833920?ref_src=twsrc%5Etfw\">27 de julio de 2019<\/a><\/blockquote><\/div>\n<\/div><\/figure>\n","protected":false},"excerpt":{"rendered":"<p>Redacci\u00f3n\/ZonaRoja. Oaxaca de Ju\u00e1rez, Oax., 2 de agosto de 2019.- A una semana de los&hellip;<\/p>\n","protected":false},"author":2,"featured_media":2780,"comment_status":"closed","ping_status":"open","sticky":false,"template":"","format":"standard","meta":{"_lmt_disableupdate":"","_lmt_disable":"","_jetpack_memberships_contains_paid_content":false,"footnotes":""},"categories":[109,51],"tags":[462],"class_list":["post-2779","post","type-post","status-publish","format-standard","has-post-thumbnail","hentry","category-minuto-a-minuto","category-zona-roja","tag-nuevos-asalto-a-tiendas-oxxo-en-oaxaca"],"jetpack_featured_media_url":"https:\/\/zonaroja.com.mx\/wp-content\/uploads\/2019\/08\/eZy-Watermark_02-08-2019_09-35-52p.-m..jpg","jetpack_sharing_enabled":true,"_links":{"self":[{"href":"https:\/\/zonaroja.com.mx\/index.php?rest_route=\/wp\/v2\/posts\/2779","targetHints":{"allow":["GET"]}}],"collection":[{"href":"https:\/\/zonaroja.com.mx\/index.php?rest_route=\/wp\/v2\/posts"}],"about":[{"href":"https:\/\/zonaroja.com.mx\/index.php?rest_route=\/wp\/v2\/types\/post"}],"author":[{"embeddable":true,"href":"https:\/\/zonaroja.com.mx\/index.php?rest_route=\/wp\/v2\/users\/2"}],"replies":[{"embeddable":true,"href":"https:\/\/zonaroja.com.mx\/index.php?rest_route=%2Fwp%2Fv2%2Fcomments&post=2779"}],"version-history":[{"count":1,"href":"https:\/\/zonaroja.com.mx\/index.php?rest_route=\/wp\/v2\/posts\/2779\/revisions"}],"predecessor-version":[{"id":2781,"href":"https:\/\/zonaroja.com.mx\/index.php?rest_route=\/wp\/v2\/posts\/2779\/revisions\/2781"}],"wp:featuredmedia":[{"embeddable":true,"href":"https:\/\/zonaroja.com.mx\/index.php?rest_route=\/wp\/v2\/media\/2780"}],"wp:attachment":[{"href":"https:\/\/zonaroja.com.mx\/index.php?rest_route=%2Fwp%2Fv2%2Fmedia&parent=2779"}],"wp:term":[{"taxonomy":"category","embeddable":true,"href":"https:\/\/zonaroja.com.mx\/index.php?rest_route=%2Fwp%2Fv2%2Fcategories&post=2779"},{"taxonomy":"post_tag","embeddable":true,"href":"https:\/\/zonaroja.com.mx\/index.php?rest_route=%2Fwp%2Fv2%2Ftags&post=2779"}],"curies":[{"name":"wp","href":"https:\/\/api.w.org\/{rel}","templated":true}]}}