{"id":27792,"date":"2021-05-27T15:33:21","date_gmt":"2021-05-27T20:33:21","guid":{"rendered":"http:\/\/www.zonaroja.com.mx\/?p=27792"},"modified":"2021-05-27T15:33:25","modified_gmt":"2021-05-27T20:33:25","slug":"el-voto-de-las-mujeres-determinante-para-la-democracia-en-mexico-lagarde","status":"publish","type":"post","link":"https:\/\/zonaroja.com.mx\/?p=27792","title":{"rendered":"El voto de las mujeres determinante para la democracia en M\u00e9xico: Lagarde"},"content":{"rendered":"\n<p>Evlin Arag\u00f3n\/Zona Roja.<\/p>\n\n\n\n<p>Oaxaca de Ju\u00e1rez, Oax., 27 de mayo de 2021.- \u201cEl 6 de junio tenemos que salir a votar y ejercer nuestro derecho. Las mujeres tardamos tanto tiempo en conseguirlo, que hoy es necesario ejercerlo\u201d, asegur\u00f3 la doctora Marcela Lagarde y de los R\u00edos en su conferencia titulada \u201cLa pol\u00edtica desde el feminismo\u201d.<\/p>\n\n\n\n<p>La acad\u00e9mica feminista hizo un breve recorrido por la historia para situar que desde hace d\u00e9cadas las mujeres buscan participar en la vida pol\u00edtica del pa\u00eds con la intenci\u00f3n de cambiar la realidad a la que se enfrentaban, como parte de una charla organizada por la Universidad Aut\u00f3noma \u201cBenito Ju\u00e1rez\u201d de Oaxaca y la Defensor\u00eda de los Derechos Humanos del Pueblo de Oaxaca.<\/p>\n\n\n\n<p>Ah\u00ed puntualiz\u00f3 que la democracia de cualquier pa\u00eds, a\u00fan con carencias como la que tiene M\u00e9xico, debe reconocer, tomar en cuenta y garantizar la participaci\u00f3n activa de las mujeres, de lo contrario no puede llamarse dem\u00f3crata, ya que estar\u00eda dejando fuera a m\u00e1s de la mitad de su poblaci\u00f3n.&nbsp;&nbsp;<\/p>\n\n\n\n<p>Lagarde y de los R\u00edos puso de manifiesto que las elecciones, en general todo el proceso electoral, permite hacer visible las diferentes problem\u00e1ticas a las que se enfrentan las mujeres, de ah\u00ed que es importante promover una democracia que desmonte las estructuras patriarcales y de dominaci\u00f3n \u00e9tnica.&nbsp;&nbsp;<\/p>\n\n\n\n<p>\u201cVotar significa respetar la herencia que tenemos de mujeres de generaciones anteriores que hicieron un gran esfuerzo por la igualdad\u201d, dijo.&nbsp;<\/p>\n\n\n\n<p>De igual forma, puntualiz\u00f3 que es importante para las mujeres recuperar la agenda feminista a fin de impulsar los pendientes desde las plataformas electorales, tal y como sucedi\u00f3 con las reformas recientes en la que se dio puntual atenci\u00f3n a la violencia pol\u00edtica y digital que han quedado incluidas en la Ley General de Acceso de las Mujeres a una Vida Libre de Violencia.&nbsp;&nbsp;<\/p>\n\n\n\n<p>La reconocida feminista explic\u00f3 que son 21 mil cargos lo que se elegir\u00e1n este 6 de junio y hay que pensar qu\u00e9 tipo de personas queremos que los encabecen, cumpliendo siempre con la paridad como principio constitucional a fin de propiciar la igualdad sustantiva y real.&nbsp;<\/p>\n\n\n\n<p>As\u00ed mismo, invit\u00f3 a los partidos pol\u00edticos, \u00f3rganos electorales e instituciones a procurar espacios libres de violencia contra las mujeres, ya que dijo es su responsabilidad generar condiciones dignas para la participaci\u00f3n, as\u00ed mismo erradicar el machismo toda vez que se ha convertido un lastre de la sociedad que afecta a todas y todos por igual.&nbsp;<\/p>\n\n\n\n<p>Finalmente evidenci\u00f3 que actualmente el movimiento feminista tiene un importante empuje, de ah\u00ed que las y los candidatos deben garantizar que las exigencias de las mujeres est\u00e9n incluidas en sus propuestas, una de las cuales debe incluir necesariamente la erradicaci\u00f3n de la violencia de g\u00e9nero y feminicida.&nbsp;<\/p>\n\n\n\n<p>PARTICIPACI\u00d3N ACTIVA<\/p>\n\n\n\n<p>Por su parte el titular de la Defensor\u00eda de los Derechos Humanos del Pueblo de Oaxaca, Bernardo Rodr\u00edguez Alamilla, lament\u00f3 que Oaxaca tambi\u00e9n este inmerso en la violencia que enmarca el proceso electoral2020-2021, prueba de ello los 32 expedientes que ha iniciado la instancia en materia de violencia pol\u00edtica.&nbsp;<\/p>\n\n\n\n<p>Mientras que el rector de la Universidad Aut\u00f3noma \u201cBenito Ju\u00e1rez\u201d de Oaxaca, Eduardo Bautista Mart\u00ednez, record\u00f3 que la desigual social y de g\u00e9nero es hist\u00f3rica en Oaxaca, por lo que es fundamental la participaci\u00f3n activa de las mujeres en este proceso electoral.&nbsp;<\/p>\n\n\n\n<p>\u201cDi\u00e1logo con Marcela Lagarde en Oaxaca adquiere mayor significado por tratarse de una entidad con mujeres en lucha por derechos y b\u00fasqueda de espacios, contra la discriminaci\u00f3n, el racismo y la exclusi\u00f3n pol\u00edtica\u201d, sentenci\u00f3.<\/p>\n","protected":false},"excerpt":{"rendered":"<p>Evlin Arag\u00f3n\/Zona Roja. Oaxaca de Ju\u00e1rez, Oax., 27 de mayo de 2021.- \u201cEl 6 de&hellip;<\/p>\n","protected":false},"author":2,"featured_media":27793,"comment_status":"closed","ping_status":"open","sticky":false,"template":"","format":"standard","meta":{"_lmt_disableupdate":"","_lmt_disable":"","_jetpack_memberships_contains_paid_content":false,"footnotes":""},"categories":[109,46],"tags":[2712],"class_list":["post-27792","post","type-post","status-publish","format-standard","has-post-thumbnail","hentry","category-minuto-a-minuto","category-zona-blanca","tag-marcela-lagarde-y-de-los-rios"],"jetpack_featured_media_url":"https:\/\/zonaroja.com.mx\/wp-content\/uploads\/2021\/05\/Conferencia-Marcela-Lagarde-y-UABJO.jpg","jetpack_sharing_enabled":true,"_links":{"self":[{"href":"https:\/\/zonaroja.com.mx\/index.php?rest_route=\/wp\/v2\/posts\/27792","targetHints":{"allow":["GET"]}}],"collection":[{"href":"https:\/\/zonaroja.com.mx\/index.php?rest_route=\/wp\/v2\/posts"}],"about":[{"href":"https:\/\/zonaroja.com.mx\/index.php?rest_route=\/wp\/v2\/types\/post"}],"author":[{"embeddable":true,"href":"https:\/\/zonaroja.com.mx\/index.php?rest_route=\/wp\/v2\/users\/2"}],"replies":[{"embeddable":true,"href":"https:\/\/zonaroja.com.mx\/index.php?rest_route=%2Fwp%2Fv2%2Fcomments&post=27792"}],"version-history":[{"count":1,"href":"https:\/\/zonaroja.com.mx\/index.php?rest_route=\/wp\/v2\/posts\/27792\/revisions"}],"predecessor-version":[{"id":27794,"href":"https:\/\/zonaroja.com.mx\/index.php?rest_route=\/wp\/v2\/posts\/27792\/revisions\/27794"}],"wp:featuredmedia":[{"embeddable":true,"href":"https:\/\/zonaroja.com.mx\/index.php?rest_route=\/wp\/v2\/media\/27793"}],"wp:attachment":[{"href":"https:\/\/zonaroja.com.mx\/index.php?rest_route=%2Fwp%2Fv2%2Fmedia&parent=27792"}],"wp:term":[{"taxonomy":"category","embeddable":true,"href":"https:\/\/zonaroja.com.mx\/index.php?rest_route=%2Fwp%2Fv2%2Fcategories&post=27792"},{"taxonomy":"post_tag","embeddable":true,"href":"https:\/\/zonaroja.com.mx\/index.php?rest_route=%2Fwp%2Fv2%2Ftags&post=27792"}],"curies":[{"name":"wp","href":"https:\/\/api.w.org\/{rel}","templated":true}]}}