{"id":27795,"date":"2021-05-27T18:36:24","date_gmt":"2021-05-27T23:36:24","guid":{"rendered":"http:\/\/www.zonaroja.com.mx\/?p=27795"},"modified":"2021-05-27T18:36:28","modified_gmt":"2021-05-27T23:36:28","slug":"inicia-martinez-neri-precierres-de-campana-magisterio-le-da-su-apoyo","status":"publish","type":"post","link":"https:\/\/zonaroja.com.mx\/?p=27795","title":{"rendered":"Inicia Mart\u00ednez Neri precierres de campa\u00f1a; magisterio le da su apoyo"},"content":{"rendered":"\n<p>Redacci\u00f3n\/Zona Roja.<\/p>\n\n\n\n<p>Oaxaca de Ju\u00e1rez, Oax., 27 de mayo de 2021.- \u201cEn la vida hay que jugar papeles hist\u00f3ricos, como lo ha hecho la 4T en el pa\u00eds\u201d, afirmo el candidato a la presidencia del municipio de Oaxaca de Ju\u00e1rez, por el Partido Movimiento de Regeneraci\u00f3n Nacional (Morena), Francisco Mart\u00ednez Neri, cobijado por una multitud de hombres y mujeres.<\/p>\n\n\n\n<p>Durante un acto de precierre de campa\u00f1a, confirm\u00f3 el respaldo de la ciudadan\u00eda oaxaque\u00f1a a su candidatura, al abarrotar &nbsp;el evento realizado este mi\u00e9rcoles en la capital oaxaque\u00f1a.<\/p>\n\n\n\n<p>\u00a1Qu\u00e9 viva morena!, \u00a1Que viva M\u00e9xico!, \u00a1Que viva Oaxaca! \u00a1Neri presidente!, gritaban los asistentes al evento.<\/p>\n\n\n\n<p>Acompa\u00f1ado del senador por Oaxaca, y los candidatos a diputados locales, as\u00ed como integrantes de su planilla, Mart\u00ednez Neri presenci\u00f3 el apoyo ciudadano de la capital, que con gritos de presidente, manifestaron su decisi\u00f3n de llevar a la presidencia municipal al prestigiado acad\u00e9mico, pol\u00edtico y ex rector de la UABJO, el pr\u00f3ximo 6 de junio.<\/p>\n\n\n\n<p>En su mensaje, Francisco Mart\u00ednez Neri le pidi\u00f3 a la ciudadan\u00eda que el pr\u00f3ximo 6 de junio, reivindiquen, con su voto masivo a Morena, los cambios fundamentales en nuestro estado y el pa\u00eds.<\/p>\n\n\n\n<p>\u201cLlamo a todos los oaxaque\u00f1os y a las oaxaque\u00f1as a salir muy temprano a votar. Tenemos una oportunidad extraordinaria, no la desperdiciemos\u201d; en esa circunstancias, llamo a la unidad y al trabajo, a todos y a todas, \u201cque nos unamos en torno a Morena, para sacar adelante este proceso\u00bb, expres\u00f3.<\/p>\n\n\n\n<p>Dijo que es momento de asestar el segundo golpe al dinosaurio &#8211;haciendo referencia al PRI&#8211; como lo hizo en el 2018 Andr\u00e9s Manuel L\u00f3pez Obrador. Eso ocurrir\u00e1 este 2021, y se consolidar\u00e1 en el 2022, con el triunfo del pr\u00f3ximo gobernador.<\/p>\n\n\n\n<p>Ante una nutrida audiencia que, con las medidas de sanidad correspondientes lo escuchaba, Mart\u00ednez Neri reiter\u00f3 su propuesta de ser\u00a0 un gobierno austero, incluyente, donde todas y todos tendr\u00e1n las mismas oportunidades y las puertas abiertas para ser escuchados.<\/p>\n\n\n\n<figure class=\"wp-block-embed-twitter wp-block-embed is-type-rich is-provider-twitter\"><div class=\"wp-block-embed__wrapper\">\n<div class=\"twitter-tweet\"><blockquote class=\"twitter-tweet\" data-lang=\"es\"><p lang=\"es\" dir=\"ltr\">El triunfo de MORENA ser\u00e1 contundente este 6 de junio. El pueblo ya decidi\u00f3 por el proyecto de la transformaci\u00f3n y, el pr\u00f3ximo 6 de junio,  defenderemos la esperanza.<br><br>\u00a1Haremos vibrar con fuerza el Coraz\u00f3n de la <a href=\"https:\/\/twitter.com\/hashtag\/4T?src=hash&amp;ref_src=twsrc%5Etfw\">#4T<\/a>! <a href=\"https:\/\/twitter.com\/hashtag\/VotoXNeriVotoXMORENA?src=hash&amp;ref_src=twsrc%5Etfw\">#VotoXNeriVotoXMORENA<\/a><a href=\"https:\/\/twitter.com\/hashtag\/OaxacaYaDecidi%C3%B3?src=hash&amp;ref_src=twsrc%5Etfw\">#OaxacaYaDecidi\u00f3<\/a><a href=\"https:\/\/twitter.com\/hashtag\/NeriPresidente?src=hash&amp;ref_src=twsrc%5Etfw\">#NeriPresidente<\/a> <a href=\"https:\/\/t.co\/dbKiD55xDj\">pic.twitter.com\/dbKiD55xDj<\/a><\/p>&mdash; Francisco Mtz. Neri (@FMartinezNeri) <a href=\"https:\/\/twitter.com\/FMartinezNeri\/status\/1397760043903328259?ref_src=twsrc%5Etfw\">27 de mayo de 2021<\/a><\/blockquote><\/div>\n<\/div><\/figure>\n\n\n\n<p>Aclar\u00f3 que su gobierno se apegar\u00e1 a la honradez, honestidad, transparencia e inclusi\u00f3n, as\u00ed como el&nbsp; respeto a los derechos humanos.<\/p>\n\n\n\n<p>El abanderado del partido de la Cuarta Transformaci\u00f3n,&nbsp; asegur\u00f3 que \u00e9l har\u00e1&nbsp; lo que otros&nbsp; candidatos no podr\u00edan hacer. Por&nbsp; ejemplo, ser un presidente municipal honesto, honrado y que busque soluci\u00f3n a las demandas de la ciudadan\u00eda.<\/p>\n\n\n\n<p>\u00abQueremos dar una lecci\u00f3n de que Morena puede hacer un gobierno destacado y que, cuando terminemos nuestro tres a\u00f1os de ejercicio democr\u00e1tico en este municipio, podamos ser un verdadero ejemplo de lo que se puede hacer en&nbsp; Morena con un gobierno eficaz, con un gobierno honrado. Uno&nbsp; que sea recordado por la gente a trav\u00e9s de los a\u00f1os\u00bb, indic\u00f3.<\/p>\n\n\n\n<p>Francisco Mart\u00ednez Neri reconoci\u00f3 el gran apoyo popular, manifestado&nbsp; todos los d\u00edas al&nbsp; sumarse a su proyecto lo que,&nbsp; sin duda alguna, lo convierte en ganador&nbsp;&nbsp; el pr\u00f3ximo 06 de junio.<\/p>\n\n\n\n<p>Dijo que en este pre cierre s\u00f3lo se muestra un poco de la fuerza que tiene su candidatura, misma que se consolidar\u00e1 en los pr\u00f3ximos d\u00edas.<\/p>\n\n\n\n<p>Adelant\u00f3 que, en el 2022, Oaxaca tendr\u00e1 una gobernadora o un gobernador que sepultar\u00e1 definitivamente al dinosaurio.<\/p>\n\n\n\n<p>RESPALDO MAGISTERIAL<\/p>\n\n\n\n<p>Por otra parte, a escasos d\u00edas de las elecciones en el estado de Oaxaca, m\u00e1s sectores de la sociedad alzan la mano hacia el candidato a la presidencia municipal de Oaxaca de Ju\u00e1rez, por Morena, Francisco Mart\u00ednez Neri.<\/p>\n\n\n\n<figure class=\"wp-block-embed-twitter wp-block-embed is-type-rich is-provider-twitter\"><div class=\"wp-block-embed__wrapper\">\n<div class=\"twitter-tweet\"><blockquote class=\"twitter-tweet\" data-lang=\"es\"><p lang=\"es\" dir=\"ltr\">Agradezco la invitaci\u00f3n al conversatorio donde intercambi\u00e9 puntos de vista con profesores jubilados y en activo de la Secci\u00f3n 22 del SNTE-CNTE.<br><br>Juntas y juntos avanzamos hacia la transformaci\u00f3n.<a href=\"https:\/\/twitter.com\/hashtag\/VotoXNeriVotoXMORENA?src=hash&amp;ref_src=twsrc%5Etfw\">#VotoXNeriVotoXMORENA<\/a><a href=\"https:\/\/twitter.com\/hashtag\/OaxacaYaDecidi%C3%B3?src=hash&amp;ref_src=twsrc%5Etfw\">#OaxacaYaDecidi\u00f3<\/a><a href=\"https:\/\/twitter.com\/hashtag\/NeriPresidente?src=hash&amp;ref_src=twsrc%5Etfw\">#NeriPresidente<\/a> <a href=\"https:\/\/t.co\/Hxhrg4CHqh\">pic.twitter.com\/Hxhrg4CHqh<\/a><\/p>&mdash; Francisco Mtz. Neri (@FMartinezNeri) <a href=\"https:\/\/twitter.com\/FMartinezNeri\/status\/1397599275459268614?ref_src=twsrc%5Etfw\">26 de mayo de 2021<\/a><\/blockquote><\/div>\n<\/div><\/figure>\n\n\n\n<p>Durante una reuni\u00f3n con trabajadores jubilados, y en activo, de la Secci\u00f3n 22 del SNTE-CNTE, Mart\u00ednez Neri recibi\u00f3 el respaldo y apoyo; pero le pidieron que nunca m\u00e1s sea un gobierno ausente.<\/p>\n\n\n\n<p>Ah\u00ed el ex rector de la Universidad Aut\u00f3noma \u201cBenito Ju\u00e1rez\u201d de Oaxaca (UABJO), manifest\u00f3&nbsp; la necesidad de seguir avanzando como lo ha pedido el presidente de la Rep\u00fablica, Andr\u00e9s Manuel L\u00f3pez Obrador.<\/p>\n\n\n\n<p>Acompa\u00f1ado de su planilla, el candidato a edil municipal afirm\u00f3 que todo lo que ocurre en el municipio de&nbsp;&nbsp; Oaxaca de Ju\u00e1rez, repercute en el pa\u00eds.<\/p>\n\n\n\n<p>En este sentido, se\u00f1al\u00f3 que est\u00e1 optimista por los&nbsp; recorridos que ha realizado&nbsp; colonia por colonia, agencia por agencia; pero, dijo, tambi\u00e9n se encuentra preocupado por la falta de agua, falta de trabajo, contaminaci\u00f3n de r\u00edos y la inseguridad.<\/p>\n\n\n\n<p>Por su parte, los trabajadores de la educaci\u00f3n dejaron&nbsp; claro qu\u00e9, para ellos, el municipio de Oaxaca de Ju\u00e1rez ya tiene presidente municipal y es Francisco Mart\u00ednez Neri.<\/p>\n\n\n\n<p>Los maestros puntualizaron que conocen la trayectoria pol\u00edtica y educativa de Mart\u00ednez Neri, por lo que no duda que es la mejor opci\u00f3n para encabezar la presidencia municipal.<\/p>\n\n\n\n<p>Los integrantes de la Secci\u00f3n 22 del SNTE-CNTE, ah\u00ed reunidos,&nbsp; indicaron que \u00e9l se ha caracterizado&nbsp; por trabajar por las causas nobles. Por eso no dudan&nbsp; que su gobierno ser\u00e1 de puertas abiertas.<\/p>\n\n\n\n<p>Uno a uno los maestros le dejaron &nbsp;claro que se suman a su proyecto porque saben que ser\u00e1 el mejor representante del pueblo oaxaque\u00f1o.<\/p>\n","protected":false},"excerpt":{"rendered":"<p>Redacci\u00f3n\/Zona Roja. Oaxaca de Ju\u00e1rez, Oax., 27 de mayo de 2021.- \u201cEn la vida hay&hellip;<\/p>\n","protected":false},"author":2,"featured_media":27796,"comment_status":"closed","ping_status":"open","sticky":false,"template":"","format":"standard","meta":{"_lmt_disableupdate":"","_lmt_disable":"","_jetpack_memberships_contains_paid_content":false,"footnotes":""},"categories":[109,46],"tags":[2418],"class_list":["post-27795","post","type-post","status-publish","format-standard","has-post-thumbnail","hentry","category-minuto-a-minuto","category-zona-blanca","tag-francisco-martinez-neri"],"jetpack_featured_media_url":"https:\/\/zonaroja.com.mx\/wp-content\/uploads\/2021\/05\/Exitoso-pre-cierre-de-campana-de-Martinez-Neri.-OaxacayaDecidio-3.jpeg","jetpack_sharing_enabled":true,"_links":{"self":[{"href":"https:\/\/zonaroja.com.mx\/index.php?rest_route=\/wp\/v2\/posts\/27795","targetHints":{"allow":["GET"]}}],"collection":[{"href":"https:\/\/zonaroja.com.mx\/index.php?rest_route=\/wp\/v2\/posts"}],"about":[{"href":"https:\/\/zonaroja.com.mx\/index.php?rest_route=\/wp\/v2\/types\/post"}],"author":[{"embeddable":true,"href":"https:\/\/zonaroja.com.mx\/index.php?rest_route=\/wp\/v2\/users\/2"}],"replies":[{"embeddable":true,"href":"https:\/\/zonaroja.com.mx\/index.php?rest_route=%2Fwp%2Fv2%2Fcomments&post=27795"}],"version-history":[{"count":1,"href":"https:\/\/zonaroja.com.mx\/index.php?rest_route=\/wp\/v2\/posts\/27795\/revisions"}],"predecessor-version":[{"id":27797,"href":"https:\/\/zonaroja.com.mx\/index.php?rest_route=\/wp\/v2\/posts\/27795\/revisions\/27797"}],"wp:featuredmedia":[{"embeddable":true,"href":"https:\/\/zonaroja.com.mx\/index.php?rest_route=\/wp\/v2\/media\/27796"}],"wp:attachment":[{"href":"https:\/\/zonaroja.com.mx\/index.php?rest_route=%2Fwp%2Fv2%2Fmedia&parent=27795"}],"wp:term":[{"taxonomy":"category","embeddable":true,"href":"https:\/\/zonaroja.com.mx\/index.php?rest_route=%2Fwp%2Fv2%2Fcategories&post=27795"},{"taxonomy":"post_tag","embeddable":true,"href":"https:\/\/zonaroja.com.mx\/index.php?rest_route=%2Fwp%2Fv2%2Ftags&post=27795"}],"curies":[{"name":"wp","href":"https:\/\/api.w.org\/{rel}","templated":true}]}}