{"id":27798,"date":"2021-05-27T20:20:56","date_gmt":"2021-05-28T01:20:56","guid":{"rendered":"http:\/\/www.zonaroja.com.mx\/?p=27798"},"modified":"2021-05-27T20:23:32","modified_gmt":"2021-05-28T01:23:32","slug":"mujeres-mazatecas-se-instalan-en-huelga-para-exigir-libertad-de-presos-de-eloxochitlan","status":"publish","type":"post","link":"https:\/\/zonaroja.com.mx\/?p=27798","title":{"rendered":"Mujeres mazatecas se instalan en huelga para exigir libertad de presos de Eloxochitl\u00e1n"},"content":{"rendered":"\n<p>Evlin Arag\u00f3n\/Zona Roja. Foto: Archivo<\/p>\n\n\n\n<p>Oaxaca de Ju\u00e1rez, Oax., 27 de mayo de 2021.- Argelia Betanzos Zepeda, Carmen Bonfil Nieto y Bertha Reynosa Bola\u00f1os, mujeres mazatecas originarias de Eloxochitl\u00e1n de Flores Mag\u00f3n, iniciaron una huelga de hambre a las afueras del Consejo de la Judicatura Federal en la Ciudad de M\u00e9xico, para exigir la libertad de sus presos pol\u00edticos y el cese a la persecuci\u00f3n de las familias desplazadas.&nbsp;<\/p>\n\n\n\n<p>Los hechos se registraron este mi\u00e9rcoles en la capital del pa\u00eds, hasta donde viajaron para solicitar la libertad inmediata de Jaime Betanzos Fuentes, Herminio Bonfil Avenda\u00f1o y Fernando Gavito Mart\u00ednez, detenidos tras un enfrentamiento registrado en la localidad, en diciembre del 2014.&nbsp;<\/p>\n\n\n\n<p>\u201cYo Argelia Betanzos Zepeda, mujer mazateca, hija del preso pol\u00edtico Jaime Betanzos Fuentes, me declaro en huelga de hambre a partir de este momento y hasta el d\u00eda en que vea mi padre en libertad. Contin\u00fao en lucha hasta que veamos a nuestras familias libres\u201d.&nbsp;<\/p>\n\n\n\n<p>Ah\u00ed, la joven explic\u00f3 que seg\u00fan aviso oficial del Segundo Tribunal Colegiado del XIII Circuito con sede en Oaxaca, del 26 al 28 de mayo, los jueces federales determinaran la situaci\u00f3n jur\u00eddica de sus familiares, de ah\u00ed que han decidido trasladarse a la Ciudad de M\u00e9xico para exigir que se haga efectiva la justicia que les han quedado a deber desde hace siete a\u00f1os. <\/p>\n\n\n\n<p><div class=\"twitter-tweet\"><blockquote class=\"twitter-tweet\" data-lang=\"es\"><p lang=\"es\" dir=\"ltr\">Huelga de hambre por la libertad inmediata de los presos ind\u00edgenas y alto a la persecuci\u00f3n de los desplazados de Eloxochitl\u00e1n de Flores Mag\u00f3n <a href=\"https:\/\/t.co\/DakbdK00Yw\">https:\/\/t.co\/DakbdK00Yw<\/a><\/p>&mdash; RadioZapote (@RadioZapote) <a href=\"https:\/\/twitter.com\/RadioZapote\/status\/1397737581450653699?ref_src=twsrc%5Etfw\">27 de mayo de 2021<\/a><\/blockquote><\/div><\/p>\n\n\n\n<p>Denunci\u00f3, como lo ha hecho en otras ocasiones, la dilaci\u00f3n sistem\u00e1tica en su proceso penal, de ah\u00ed que asegur\u00f3 no se mover\u00e1n del lugar hasta que ella y sus compa\u00f1eras de lucha sean recibidas, escuchadas y atendidas por el ministro presidente Arturo Sald\u00edvar.<\/p>\n\n\n\n<p>As\u00ed mismo indic\u00f3, es momento de que se reconozcan las graves violaciones a los derechos humanos cometidas por el Juez Cuarto de Distrito con sede en Oaxaca, Pedro Guerrero Trejo, y los magistrados de la Segunda Sala del Tribunal Superior de Justicia, a quienes dijo se deben sancionar por su mala actuaci\u00f3n y obstaculizaci\u00f3n de la justicia.&nbsp;<\/p>\n\n\n\n<p>\u201cVenimos por ellos. Libertad inmediata para Jaime, Herminio y Fernando. Libertad inmediata para presos y desplazados de Eloxochitl\u00e1n de Flores Mag\u00f3n\u201d, manifest\u00f3 otra de ellas.<\/p>\n\n\n\n<p>Las mujeres reiteraron que las declaraciones por las que fueron detenidos y permanecen privados de su libertad, emitidos por la diputada con licencia Elisa Zepeda Lagunas, carecen de veracidad y no tienen manera de comprobarse; y por el contrario s\u00ed existen suficientes pruebas de inocencia a favor de sus presos pol\u00edticos.&nbsp;<\/p>\n\n\n\n<p>\u201cEs momento de lograr las libertades porque no es delito luchar por la libre determinaci\u00f3n de nuestra comunidad ind\u00edgena, ni es delito compartir los pensamientos de libertad de Ricardo Flores Mag\u00f3n\u201d, dijo una de las mujeres, durante su movilizaci\u00f3n.&nbsp;<\/p>\n\n\n\n<p>Finalmente solicitaron al Congreso local poner fin al conflicto de inter\u00e9s existente al ser Elisa Zepeda la presidenta de la Comisi\u00f3n de Procuraci\u00f3n y Administraci\u00f3n de Justicia quien pone en el cargo a quien acusa y juzga a sus detenidos y presos pol\u00edticos.&nbsp;<\/p>\n","protected":false},"excerpt":{"rendered":"<p>Evlin Arag\u00f3n\/Zona Roja. Foto: Archivo Oaxaca de Ju\u00e1rez, Oax., 27 de mayo de 2021.- Argelia&hellip;<\/p>\n","protected":false},"author":2,"featured_media":24924,"comment_status":"closed","ping_status":"open","sticky":false,"template":"","format":"standard","meta":{"_lmt_disableupdate":"","_lmt_disable":"","_jetpack_memberships_contains_paid_content":false,"footnotes":""},"categories":[109,47],"tags":[719],"class_list":["post-27798","post","type-post","status-publish","format-standard","has-post-thumbnail","hentry","category-minuto-a-minuto","category-zona-gris","tag-eloxochitlan-de-flores-magon"],"jetpack_featured_media_url":"https:\/\/zonaroja.com.mx\/wp-content\/uploads\/2021\/03\/Conferencia-caso-Eloxochitlan.jpg","jetpack_sharing_enabled":true,"_links":{"self":[{"href":"https:\/\/zonaroja.com.mx\/index.php?rest_route=\/wp\/v2\/posts\/27798","targetHints":{"allow":["GET"]}}],"collection":[{"href":"https:\/\/zonaroja.com.mx\/index.php?rest_route=\/wp\/v2\/posts"}],"about":[{"href":"https:\/\/zonaroja.com.mx\/index.php?rest_route=\/wp\/v2\/types\/post"}],"author":[{"embeddable":true,"href":"https:\/\/zonaroja.com.mx\/index.php?rest_route=\/wp\/v2\/users\/2"}],"replies":[{"embeddable":true,"href":"https:\/\/zonaroja.com.mx\/index.php?rest_route=%2Fwp%2Fv2%2Fcomments&post=27798"}],"version-history":[{"count":2,"href":"https:\/\/zonaroja.com.mx\/index.php?rest_route=\/wp\/v2\/posts\/27798\/revisions"}],"predecessor-version":[{"id":27801,"href":"https:\/\/zonaroja.com.mx\/index.php?rest_route=\/wp\/v2\/posts\/27798\/revisions\/27801"}],"wp:featuredmedia":[{"embeddable":true,"href":"https:\/\/zonaroja.com.mx\/index.php?rest_route=\/wp\/v2\/media\/24924"}],"wp:attachment":[{"href":"https:\/\/zonaroja.com.mx\/index.php?rest_route=%2Fwp%2Fv2%2Fmedia&parent=27798"}],"wp:term":[{"taxonomy":"category","embeddable":true,"href":"https:\/\/zonaroja.com.mx\/index.php?rest_route=%2Fwp%2Fv2%2Fcategories&post=27798"},{"taxonomy":"post_tag","embeddable":true,"href":"https:\/\/zonaroja.com.mx\/index.php?rest_route=%2Fwp%2Fv2%2Ftags&post=27798"}],"curies":[{"name":"wp","href":"https:\/\/api.w.org\/{rel}","templated":true}]}}