{"id":27802,"date":"2021-05-27T21:29:00","date_gmt":"2021-05-28T02:29:00","guid":{"rendered":"http:\/\/www.zonaroja.com.mx\/?p=27802"},"modified":"2021-05-27T21:29:04","modified_gmt":"2021-05-28T02:29:04","slug":"ahi-vamos-despacio-pero-sabemos-trabajar-comerciantes-del-mercado-a-un-ano-de-tragedia","status":"publish","type":"post","link":"https:\/\/zonaroja.com.mx\/?p=27802","title":{"rendered":"\u201c\u00a1Ah\u00ed vamos, despacio, pero sabemos trabajar!\u201d, comerciantes del mercado, a un a\u00f1o de tragedia"},"content":{"rendered":"\n<p>Yuridiana Sosa\/Zona Roja.<\/p>\n\n\n\n<p>Oaxaca de Ju\u00e1rez, Oax., 27 de mayo de 2021.- El incendio les quit\u00f3 todo lo material, menos sus ganas de trabajar para salir adelante, la esperanza. Sin embargo, a un a\u00f1o de la tragedia, los avances en la reconstrucci\u00f3n son escasos, no llegan ni al 50 por ciento.<\/p>\n\n\n\n<p>Entre polvo, maquinaria pesada, varillas, pero sobre todo con el anhelo de volver a contar con un local, cada d\u00eda llegan a trabajar los comerciantes damnificados con el incendio en el Mercado de Abasto de la capital, ocurrido hace un a\u00f1o.<\/p>\n\n\n\n<p>La llamada que dio aviso sobre el siniestro en el \u00e1rea de artesan\u00edas del mercado \u201cMargarita Maza de Ju\u00e1rez\u201d el pasado 26 de mayo de 2020, alrededor de las 20:00 horas, se recuerda como si fuera ayer; a\u00fan cala en el alma de los afectados que perdieron su patrimonio.<\/p>\n\n\n\n<p>\u201cNo te puedes imaginar la desesperaci\u00f3n que uno sinti\u00f3 en ese momento\u201d, cuenta Susan Garc\u00eda, comerciante de una zapater\u00eda que perdi\u00f3 la totalidad de sus productos con las llamas. Nada material puedo recuperar, s\u00f3lo fe de entre las cenizas para poder salir adelante.<\/p>\n\n\n\n<p>Durante este a\u00f1o, su vida y la de su familia no es la misma. Volver a contar con el inventario que ten\u00edan lo ven como una meta lejana, pero no imposible, pues conf\u00edan en su trabajo y en que pronto el gobierno del estado pueda cumplir con los locales nuevos.<\/p>\n\n\n\n<p>Fueron unos 156 establecimientos siniestrados aquella noche de horror para los comerciantes, quienes hab\u00edan dado una pausa a sus labores por la contingencia sanitaria, por lo que era casi imposible creer que se hab\u00eda originado un incendio en su \u00e1rea.<\/p>\n\n\n\n<p>Hoy, bajo otro escenario que apenas asimilan, las familias abren sus puestos provisionales para no dejarse vencer.<\/p>\n\n\n\n<p>Es el caso de otra familia donde el esfuerzo de m\u00e1s de dos generaciones se desvaneci\u00f3 con el fuego. Las mujeres afectadas no contuvieron las l\u00e1grimas al recordar la tragedia.<\/p>\n\n\n\n<p>Para la matriarca de la familia fue m\u00e1s importante la vida de sus hijos que su local, recuerda la hija de la afectada.<\/p>\n\n\n\n<p>Los hermanos corrieron a la zona del desastre, sin embargo, un cerco policial y de Bomberos les impidi\u00f3 hacer el intento de rescatar parte de la mercanc\u00eda. Las llamas al rojo vivo, las explosiones, los alertaron tambi\u00e9n del peligro.<\/p>\n\n\n\n<p>\u201cPrefiero perder todo a un hijo\u201d, indic\u00f3 la madre de seis, quien hoy, como desde hace varias d\u00e9cadas vuelve a liderar el rumbo de la familia para contar con el sustento diario.<\/p>\n\n\n\n<p>\u201cVolvemos a trabajar, tenemos manos tenemos, vida y para adelante\u201d, confirma una de las hijas y comerciante del mercado.<\/p>\n\n\n\n<p>En el \u00e1rea afectada se lleva a cabo la obra de construcci\u00f3n de los locales da\u00f1ados, los cuales se prev\u00e9 que sean entregados a finales de este a\u00f1o, de acuerdo con los comerciantes, quienes a su vez piden mayor velocidad en los trabajos.<\/p>\n","protected":false},"excerpt":{"rendered":"<p>Yuridiana Sosa\/Zona Roja. Oaxaca de Ju\u00e1rez, Oax., 27 de mayo de 2021.- El incendio les&hellip;<\/p>\n","protected":false},"author":2,"featured_media":27803,"comment_status":"closed","ping_status":"open","sticky":false,"template":"","format":"standard","meta":{"_lmt_disableupdate":"","_lmt_disable":"","_jetpack_memberships_contains_paid_content":false,"footnotes":""},"categories":[109,47],"tags":[1077],"class_list":["post-27802","post","type-post","status-publish","format-standard","has-post-thumbnail","hentry","category-minuto-a-minuto","category-zona-gris","tag-mercado-de-abasto-ciudad-de-oaxaca"],"jetpack_featured_media_url":"https:\/\/zonaroja.com.mx\/wp-content\/uploads\/2021\/05\/Danos-Mercado-de-Abasto.jpg","jetpack_sharing_enabled":true,"_links":{"self":[{"href":"https:\/\/zonaroja.com.mx\/index.php?rest_route=\/wp\/v2\/posts\/27802","targetHints":{"allow":["GET"]}}],"collection":[{"href":"https:\/\/zonaroja.com.mx\/index.php?rest_route=\/wp\/v2\/posts"}],"about":[{"href":"https:\/\/zonaroja.com.mx\/index.php?rest_route=\/wp\/v2\/types\/post"}],"author":[{"embeddable":true,"href":"https:\/\/zonaroja.com.mx\/index.php?rest_route=\/wp\/v2\/users\/2"}],"replies":[{"embeddable":true,"href":"https:\/\/zonaroja.com.mx\/index.php?rest_route=%2Fwp%2Fv2%2Fcomments&post=27802"}],"version-history":[{"count":1,"href":"https:\/\/zonaroja.com.mx\/index.php?rest_route=\/wp\/v2\/posts\/27802\/revisions"}],"predecessor-version":[{"id":27804,"href":"https:\/\/zonaroja.com.mx\/index.php?rest_route=\/wp\/v2\/posts\/27802\/revisions\/27804"}],"wp:featuredmedia":[{"embeddable":true,"href":"https:\/\/zonaroja.com.mx\/index.php?rest_route=\/wp\/v2\/media\/27803"}],"wp:attachment":[{"href":"https:\/\/zonaroja.com.mx\/index.php?rest_route=%2Fwp%2Fv2%2Fmedia&parent=27802"}],"wp:term":[{"taxonomy":"category","embeddable":true,"href":"https:\/\/zonaroja.com.mx\/index.php?rest_route=%2Fwp%2Fv2%2Fcategories&post=27802"},{"taxonomy":"post_tag","embeddable":true,"href":"https:\/\/zonaroja.com.mx\/index.php?rest_route=%2Fwp%2Fv2%2Ftags&post=27802"}],"curies":[{"name":"wp","href":"https:\/\/api.w.org\/{rel}","templated":true}]}}