{"id":27809,"date":"2021-05-27T22:30:19","date_gmt":"2021-05-28T03:30:19","guid":{"rendered":"http:\/\/www.zonaroja.com.mx\/?p=27809"},"modified":"2021-05-27T22:30:24","modified_gmt":"2021-05-28T03:30:24","slug":"otro-dia-rojo-por-covid-en-oaxaca-11-muertos-en-24-horas","status":"publish","type":"post","link":"https:\/\/zonaroja.com.mx\/?p=27809","title":{"rendered":"Otro d\u00eda rojo por Covid en Oaxaca: 11 muertos en 24 horas"},"content":{"rendered":"\n<p>Redacci\u00f3n\/Zona Roja.<\/p>\n\n\n\n<p>Oaxaca de Ju\u00e1rez, Oax. 27 de mayo de 2021.- Los Servicios de Salud de Oaxaca (SSO), informan que, al corte epidemiol\u00f3gico de este jueves 27 de mayo, se han registrado 41 casos nuevos de Covid-19, que suman 47 mil 111 casos acumulados, y lamentablemente 11 defunciones, que suman tres mil 728 en total.<\/p>\n\n\n\n<p>En un comunicado, la dependencia dijo que se han notificado, 78 mil 466 casos, de los cuales 26 mil 521 han sido negativos, hay cuatro mil 834 casos sospechosos, 43 mil 181 se han recuperado y hay 203 casos activos.<\/p>\n\n\n\n<p>En relaci\u00f3n al panorama Jurisdiccional dijo que la regi\u00f3n de los Valles Centrales contabiliza 32 mil 024 casos confirmados y mil 894 defunciones; el Istmo cuatro mil 074 y 674 defunciones; Tuxtepec dos mil 919 y 352 defunciones; la Costa dos mil 428 y 270 defunciones; la Mixteca tres mil 987 y 348 defunciones, y la Sierra mil 679 y 190 defunciones.<\/p>\n\n\n\n<figure class=\"wp-block-embed-twitter wp-block-embed is-type-rich is-provider-twitter\"><div class=\"wp-block-embed__wrapper\">\n<div class=\"twitter-tweet\"><blockquote class=\"twitter-tweet\" data-lang=\"es\"><p lang=\"es\" dir=\"ltr\"><a href=\"https:\/\/twitter.com\/hashtag\/%C3%9AltimoMinuto?src=hash&amp;ref_src=twsrc%5Etfw\">#\u00daltimoMinuto<\/a> <br>Este jueves en <a href=\"https:\/\/twitter.com\/hashtag\/Oaxaca?src=hash&amp;ref_src=twsrc%5Etfw\">#Oaxaca<\/a> se registraron 11 fallecimientos por Covid, con lo que suman tres mil 728 decesos. <br>Adem\u00e1s, 41 nuevos casos positivos, para un total de 47 mil 111 casos confirmados.<a href=\"https:\/\/twitter.com\/hashtag\/Qu%C3%A9dateEnCasa?src=hash&amp;ref_src=twsrc%5Etfw\">#Qu\u00e9dateEnCasa<\/a> <a href=\"https:\/\/t.co\/V9gc78FFwX\">pic.twitter.com\/V9gc78FFwX<\/a><\/p>&mdash; Zona Roja Oaxaca (@Zona_Roja_Oax) <a href=\"https:\/\/twitter.com\/Zona_Roja_Oax\/status\/1398091843045314562?ref_src=twsrc%5Etfw\">28 de mayo de 2021<\/a><\/blockquote><\/div>\n<\/div><\/figure>\n\n\n\n<p>Los 41 casos nuevos afectan a 17 municipios, siendo el de Oaxaca de Ju\u00e1rez el que ocupa el primer lugar con 11 casos nuevos, seguido de Villa Talea de Castro con siete, Juchit\u00e1n de Zaragoza seis, Santa Cruz Xoxocotl\u00e1n tres, San Pedro Pochutla y Santa Mar\u00eda Huatulco dos cada uno, el resto un solo caso.<\/p>\n\n\n\n<p>En relaci\u00f3n a la ocupaci\u00f3n hospitalaria, al corte de hoy hay un 16% de ocupaci\u00f3n general, cinco hospitales al 100%, con nueve pacientes hospitalizados; la Jurisdicci\u00f3n Sanitaria de Valles Centrales registra un 18.2%, Istmo 13.9%, Tuxtepec 13.3%, Costa 17.6%, Mixteca 14.3% y Sierra 0%.<\/p>\n","protected":false},"excerpt":{"rendered":"<p>Redacci\u00f3n\/Zona Roja. Oaxaca de Ju\u00e1rez, Oax. 27 de mayo de 2021.- Los Servicios de Salud&hellip;<\/p>\n","protected":false},"author":2,"featured_media":27810,"comment_status":"closed","ping_status":"open","sticky":false,"template":"","format":"standard","meta":{"_lmt_disableupdate":"","_lmt_disable":"","_jetpack_memberships_contains_paid_content":false,"footnotes":""},"categories":[109,47],"tags":[1512],"class_list":["post-27809","post","type-post","status-publish","format-standard","has-post-thumbnail","hentry","category-minuto-a-minuto","category-zona-gris","tag-coronavirus-oaxaca"],"jetpack_featured_media_url":"https:\/\/zonaroja.com.mx\/wp-content\/uploads\/2021\/05\/SSO-1-3.jpeg","jetpack_sharing_enabled":true,"_links":{"self":[{"href":"https:\/\/zonaroja.com.mx\/index.php?rest_route=\/wp\/v2\/posts\/27809","targetHints":{"allow":["GET"]}}],"collection":[{"href":"https:\/\/zonaroja.com.mx\/index.php?rest_route=\/wp\/v2\/posts"}],"about":[{"href":"https:\/\/zonaroja.com.mx\/index.php?rest_route=\/wp\/v2\/types\/post"}],"author":[{"embeddable":true,"href":"https:\/\/zonaroja.com.mx\/index.php?rest_route=\/wp\/v2\/users\/2"}],"replies":[{"embeddable":true,"href":"https:\/\/zonaroja.com.mx\/index.php?rest_route=%2Fwp%2Fv2%2Fcomments&post=27809"}],"version-history":[{"count":1,"href":"https:\/\/zonaroja.com.mx\/index.php?rest_route=\/wp\/v2\/posts\/27809\/revisions"}],"predecessor-version":[{"id":27811,"href":"https:\/\/zonaroja.com.mx\/index.php?rest_route=\/wp\/v2\/posts\/27809\/revisions\/27811"}],"wp:featuredmedia":[{"embeddable":true,"href":"https:\/\/zonaroja.com.mx\/index.php?rest_route=\/wp\/v2\/media\/27810"}],"wp:attachment":[{"href":"https:\/\/zonaroja.com.mx\/index.php?rest_route=%2Fwp%2Fv2%2Fmedia&parent=27809"}],"wp:term":[{"taxonomy":"category","embeddable":true,"href":"https:\/\/zonaroja.com.mx\/index.php?rest_route=%2Fwp%2Fv2%2Fcategories&post=27809"},{"taxonomy":"post_tag","embeddable":true,"href":"https:\/\/zonaroja.com.mx\/index.php?rest_route=%2Fwp%2Fv2%2Ftags&post=27809"}],"curies":[{"name":"wp","href":"https:\/\/api.w.org\/{rel}","templated":true}]}}