{"id":27815,"date":"2021-05-28T07:33:03","date_gmt":"2021-05-28T12:33:03","guid":{"rendered":"http:\/\/www.zonaroja.com.mx\/?p=27815"},"modified":"2021-05-28T07:33:09","modified_gmt":"2021-05-28T12:33:09","slug":"lider-nacional-del-prd-jesus-zambrano-vaticina-el-triunfo-de-javier-villacana","status":"publish","type":"post","link":"https:\/\/zonaroja.com.mx\/?p=27815","title":{"rendered":"L\u00edder nacional del PRD, Jes\u00fas Zambrano, vaticina el triunfo de Javier Villaca\u00f1a"},"content":{"rendered":"\n<p>Redacci\u00f3n\/Zona Roja.<\/p>\n\n\n\n<p>Oaxaca de Ju\u00e1rez, Oax., 28 de mayo de 2021.- A nueve d\u00edas de los comicios del 6 de junio, Jes\u00fas Zambrano Grijalva, dirigente nacional del Partido de la Revoluci\u00f3n Democr\u00e1tica (PRD), anticip\u00f3 la victoria del candidato com\u00fan de la alianza \u00abVa por Oaxaca\u00bb a la presidencia municipal de Oaxaca de Ju\u00e1rez, Javier Villaca\u00f1a Jim\u00e9nez, por contar con el respaldo social y ser garant\u00eda de un gobierno plural.<\/p>\n\n\n\n<p>Ante m\u00e1s de 500 integrantes de la estructura territorial del partido del sol azteca de la capital del estado, quienes se concentraron en la explanada de la Agencia de Polic\u00eda de Montoya, el l\u00edder nacional del PRD reconoci\u00f3 en Villaca\u00f1a Jim\u00e9nez a un pol\u00edtico cercano a la gente, diverso y capaz de revertir el da\u00f1o y abandono de la ciudad.<\/p>\n\n\n\n<p>Zambrano Grijalva asegur\u00f3 que la alianza con el PAN y el PRI tiene por finalidad rescatar y sanar al pa\u00eds del mal gobierno de Morena, al igual que Javier Villaca\u00f1a Jim\u00e9nez tiene el inter\u00e9s de recuperar la grandeza de Oaxaca para que la ciudadan\u00eda vuelva a contar con espacios limpios y seguros, con una ciudad funcional y atractiva para todas y todos.<\/p>\n\n\n\n<p>Tras reconocer el trabajo electoral de los activistas de los partidos Acci\u00f3n Nacional, Revolucionario Institucional y de la Revoluci\u00f3n Democr\u00e1tica, el pr\u00f3ximo presidente municipal de Oaxaca de Ju\u00e1rez, Javier Villaca\u00f1a Jim\u00e9nez ofreci\u00f3 al dirigente nacional de PRD, Jes\u00fas Zambrano Grijalva construir una alianza de gobierno a partir de las coincidencias pol\u00edticas surgidas en los presentes comicios.<\/p>\n\n\n\n<p>Acompa\u00f1ado de los integrantes de la planilla y de la candidata a diputada local por el distrito electoral XIII, Laura Vign\u00f3n Carre\u00f1o, el candidato puntero en las encuestas electorales, Villaca\u00f1a Jim\u00e9nez garantiz\u00f3 un gobierno plural que ofrezca respuestas a todos los sectores ciudadanos de la capital del estado.<\/p>\n\n\n\n<figure class=\"wp-block-embed-twitter wp-block-embed is-type-rich is-provider-twitter\"><div class=\"wp-block-embed__wrapper\">\n<div class=\"twitter-tweet\"><blockquote class=\"twitter-tweet\" data-lang=\"es\"><p lang=\"es\" dir=\"ltr\"><a href=\"https:\/\/twitter.com\/hashtag\/%C3%9AltimoMinuto?src=hash&amp;ref_src=twsrc%5Etfw\">#\u00daltimoMinuto<\/a> <br>Con la presencia del dirigente nacional del <a href=\"https:\/\/twitter.com\/PRDMexico?ref_src=twsrc%5Etfw\">@PRDMexico<\/a>, Jes\u00fas Zambrano, esta tarde <a href=\"https:\/\/twitter.com\/JavierVillacana?ref_src=twsrc%5Etfw\">@JavierVillacana<\/a> encabez\u00f3 un multitudinario acto en la agencia de Montoya, donde recibi\u00f3 todo el respaldo de la militancia perredista para edil de la capital. <a href=\"https:\/\/t.co\/xhXjeLzNxC\">pic.twitter.com\/xhXjeLzNxC<\/a><\/p>&mdash; Zona Roja Oaxaca (@Zona_Roja_Oax) <a href=\"https:\/\/twitter.com\/Zona_Roja_Oax\/status\/1398081652283293697?ref_src=twsrc%5Etfw\">28 de mayo de 2021<\/a><\/blockquote><\/div>\n<\/div><\/figure>\n\n\n\n<p>MUJERES, PRIORIDAD<\/p>\n\n\n\n<p>\u201cJavier Villaca\u00f1a te queremos y cuentas con la fuerza de las mujeres para el triunfo\u201d, fijaron en un solo sentir cientos de oaxaque\u00f1as en muestra de apoyo y confianza a quien ser\u00e1 el pr\u00f3ximo presidente municipal de Oaxaca de Ju\u00e1rez.<\/p>\n\n\n\n<p>En un emotivo encuentro con mujeres representativas de diversos sectores, el aspirante por el PRI, PAN y PRD, Villaca\u00f1a Jim\u00e9nez, expres\u00f3 su compromiso con las oaxaque\u00f1as as\u00ed como su determinaci\u00f3n de coadyuvar a la construcci\u00f3n de un nuevo presente y futuro para todas ellas.<\/p>\n\n\n\n<p>\u201cUstedes son el alma y el coraz\u00f3n de este proyecto, vamos caminando en una propuesta equitativa que reconoce y valora la participaci\u00f3n de las mujeres para cumplir la meta de consolidar el Oaxaca que queremos\u201d, afirm\u00f3.<\/p>\n\n\n\n<p>Al atestiguar tambi\u00e9n expresiones de respaldo al candidato a diputado federal, Jos\u00e9 Antonio Hern\u00e1ndez Fraguas y las candidatas a diputadas locales, Laura Vign\u00f3n Carre\u00f1o y Giovanna Moreno; el abanderado de \u201cVa por Oaxaca\u201d record\u00f3 su decisi\u00f3n de encabezar un gobierno con pol\u00edticas p\u00fablicas que garanticen salud, seguridad y empoderamiento para las mujeres.<\/p>\n\n\n\n<p>\u201cCambiar el destino de Oaxaca de Ju\u00e1rez no es tarea f\u00e1cil, nosotros haremos todo lo que est\u00e9 a nuestro alcance para lograrlo, pero la decisi\u00f3n la van a tener ustedes en sus manos\u201d, puntualiz\u00f3 rodeado de diversas voces que coreaban: \u201cQueremos que ganes Javier\u201d.<\/p>\n\n\n\n<figure class=\"wp-block-embed-twitter wp-block-embed is-type-rich is-provider-twitter\"><div class=\"wp-block-embed__wrapper\">\n<div class=\"twitter-tweet\"><blockquote class=\"twitter-tweet\" data-lang=\"es\"><p lang=\"es\" dir=\"ltr\">La fuerza de las mujeres oaxaque\u00f1as radica en su determinaci\u00f3n para lograr lo que se proponen, por eso, este d\u00eda signamos nuestro compromiso para trabajar de la mano en la construcci\u00f3n de una ciudad con m\u00e1s y mejores oportunidades. \u00a1Gracias por su apoyo! <a href=\"https:\/\/twitter.com\/hashtag\/VaPorOaxacaDeJu%C3%A1rez?src=hash&amp;ref_src=twsrc%5Etfw\">#VaPorOaxacaDeJu\u00e1rez<\/a> <a href=\"https:\/\/t.co\/yd1SpMhllT\">pic.twitter.com\/yd1SpMhllT<\/a><\/p>&mdash; Javier Villaca\u00f1a (@JavierVillacana) <a href=\"https:\/\/twitter.com\/JavierVillacana\/status\/1397771184175976450?ref_src=twsrc%5Etfw\">27 de mayo de 2021<\/a><\/blockquote><\/div>\n<\/div><\/figure>\n\n\n\n<p>Ante las candidatas a diputadas locales por el principio de representaci\u00f3n proporcional, Mariana Ben\u00edtez y Gabriela P\u00e9rez, Javier Villaca\u00f1a firm\u00f3 su compromiso con las mujeres para reactivar la Cl\u00ednica de la Mujer, un espacio que facilite atender padecimientos como el c\u00e1ncer de mama y cervicouterino; as\u00ed mismo reiter\u00f3 que trabajar\u00e1 en el combate a la violencia de g\u00e9nero, castigando el acoso y la agresi\u00f3n verbal a mujeres en la v\u00eda p\u00fablica.<\/p>\n\n\n\n<p>Destac\u00f3 que dentro de sus propuestas est\u00e1 incrementar los programas de apoyo alimentario a madres solteras, viudas y mujeres adultas mayores; adem\u00e1s de impulsar el empoderamiento por medio de la capacitaci\u00f3n y la autogesti\u00f3n.<\/p>\n\n\n\n<p>Emocionado por las muestras de cari\u00f1o, Villaca\u00f1a Jim\u00e9nez dijo tener claro el trabajo que iniciar\u00e1 el 1 de enero a favor de la equidad de g\u00e9nero para brindar a todas las oaxaque\u00f1as espacios de igualdad y de mejores oportunidades de desarrollo, por lo que agradeci\u00f3 todo el respaldo de las mujeres para hacer realidad el triunfo del 6 de junio.<\/p>\n","protected":false},"excerpt":{"rendered":"<p>Redacci\u00f3n\/Zona Roja. Oaxaca de Ju\u00e1rez, Oax., 28 de mayo de 2021.- A nueve d\u00edas de&hellip;<\/p>\n","protected":false},"author":2,"featured_media":27816,"comment_status":"closed","ping_status":"open","sticky":false,"template":"","format":"standard","meta":{"_lmt_disableupdate":"","_lmt_disable":"","_jetpack_memberships_contains_paid_content":false,"footnotes":""},"categories":[109,46],"tags":[2456],"class_list":["post-27815","post","type-post","status-publish","format-standard","has-post-thumbnail","hentry","category-minuto-a-minuto","category-zona-blanca","tag-javier-villacana-jimenez"],"jetpack_featured_media_url":"https:\/\/zonaroja.com.mx\/wp-content\/uploads\/2021\/05\/27May_PRD_2.jpeg","jetpack_sharing_enabled":true,"_links":{"self":[{"href":"https:\/\/zonaroja.com.mx\/index.php?rest_route=\/wp\/v2\/posts\/27815","targetHints":{"allow":["GET"]}}],"collection":[{"href":"https:\/\/zonaroja.com.mx\/index.php?rest_route=\/wp\/v2\/posts"}],"about":[{"href":"https:\/\/zonaroja.com.mx\/index.php?rest_route=\/wp\/v2\/types\/post"}],"author":[{"embeddable":true,"href":"https:\/\/zonaroja.com.mx\/index.php?rest_route=\/wp\/v2\/users\/2"}],"replies":[{"embeddable":true,"href":"https:\/\/zonaroja.com.mx\/index.php?rest_route=%2Fwp%2Fv2%2Fcomments&post=27815"}],"version-history":[{"count":1,"href":"https:\/\/zonaroja.com.mx\/index.php?rest_route=\/wp\/v2\/posts\/27815\/revisions"}],"predecessor-version":[{"id":27817,"href":"https:\/\/zonaroja.com.mx\/index.php?rest_route=\/wp\/v2\/posts\/27815\/revisions\/27817"}],"wp:featuredmedia":[{"embeddable":true,"href":"https:\/\/zonaroja.com.mx\/index.php?rest_route=\/wp\/v2\/media\/27816"}],"wp:attachment":[{"href":"https:\/\/zonaroja.com.mx\/index.php?rest_route=%2Fwp%2Fv2%2Fmedia&parent=27815"}],"wp:term":[{"taxonomy":"category","embeddable":true,"href":"https:\/\/zonaroja.com.mx\/index.php?rest_route=%2Fwp%2Fv2%2Fcategories&post=27815"},{"taxonomy":"post_tag","embeddable":true,"href":"https:\/\/zonaroja.com.mx\/index.php?rest_route=%2Fwp%2Fv2%2Ftags&post=27815"}],"curies":[{"name":"wp","href":"https:\/\/api.w.org\/{rel}","templated":true}]}}