{"id":27818,"date":"2021-05-28T07:40:23","date_gmt":"2021-05-28T12:40:23","guid":{"rendered":"http:\/\/www.zonaroja.com.mx\/?p=27818"},"modified":"2021-05-28T07:40:26","modified_gmt":"2021-05-28T12:40:26","slug":"compromete-fraguas-trabajo-intenso-para-que-mexico-vuelva-a-lucir-internacionalmente","status":"publish","type":"post","link":"https:\/\/zonaroja.com.mx\/?p=27818","title":{"rendered":"Compromete Fraguas trabajo intenso para que M\u00e9xico vuelva a lucir Internacionalmente"},"content":{"rendered":"\n<p>Redacci\u00f3n\/Zona Roja.<\/p>\n\n\n\n<p>Oaxaca de Ju\u00e1rez, Oax., 28 de mayo de 2021.- El abanderado de la Coalici\u00f3n \u201cVa por M\u00e9xico\u201d, que integran el PRI, PAN Y PRD, Jos\u00e9 Antonio Hern\u00e1ndez Fraguas, se\u00f1al\u00f3 que como diputado federal tiene como tarea prioritaria legislar acciones para que M\u00e9xico vuelva a lucir internacionalmente.<\/p>\n\n\n\n<p>Ante representantes del sector hotelero de la Asociaci\u00f3n de Hoteles y Moteles de Oaxaca (AHYMO), critic\u00f3 la irresponsabilidad del Gobierno Federal y de los diputados federales por eliminar el Consejo de Promoci\u00f3n Tur\u00edstica de M\u00e9xico, eje rector cuyas acciones ayudaron a que M\u00e9xico se haya colocado como el sexto destino del mundo, generando empleos y divisas.<\/p>\n\n\n\n<p>El sector hotelero es el que m\u00e1s afectaciones ha tenido como resultado de la pandemia y de las decisiones irresponsables que se han venido tomando desde la titularidad del poder ejecutivo y desde la c\u00e1mara de diputados federal\u201d, subray\u00f3.<\/p>\n\n\n\n<p>Ante ello, sostuvo que la elecci\u00f3n del pr\u00f3ximo 6 de junio, es de gran importancia, toda vez que se elegir\u00e1n el mayor n\u00famero de cargos de la historia del pa\u00eds, sino porque est\u00e1 elecci\u00f3n va a definir el tipo de pa\u00eds que se quiere para el futuro, de ah\u00ed la importancia que este 6 de junio la ciudadan\u00eda salga a votar.<\/p>\n\n\n\n<figure class=\"wp-block-embed-twitter wp-block-embed is-type-rich is-provider-twitter\"><div class=\"wp-block-embed__wrapper\">\n<div class=\"twitter-tweet\"><blockquote class=\"twitter-tweet\" data-lang=\"es\"><p lang=\"es\" dir=\"ltr\">Impulsaremos nuevamente al sector tur\u00edstico para que se sigan generando fuentes de empleo; con la pandemia, este fue uno de los sectores m\u00e1s afectados al igual que nuestro estado.<br>Trabajaremos para que Oaxaca se siga posicionando, este fue mi compromiso con la <a href=\"https:\/\/twitter.com\/AsocHotelesOax?ref_src=twsrc%5Etfw\">@AsocHotelesOax<\/a>. <a href=\"https:\/\/t.co\/ShiOdnIHac\">pic.twitter.com\/ShiOdnIHac<\/a><\/p>&mdash; To\u00f1o Hern\u00e1ndez Fraguas (@JAHFraguas) <a href=\"https:\/\/twitter.com\/JAHFraguas\/status\/1397734223780405253?ref_src=twsrc%5Etfw\">27 de mayo de 2021<\/a><\/blockquote><\/div>\n<\/div><\/figure>\n\n\n\n<p>\u201cMariana Nassar y yo seremos contrapeso en el Congreso Federal, revisaremos que en el Presupuesto 2022 se recupere lo que nos han quitado a la mala. Pelearemos con que vuelva el Consejo de Promoci\u00f3n Tur\u00edstica\u201d, sentenci\u00f3.<\/p>\n\n\n\n<p>Asimismo, destac\u00f3 la importancia de que la ciudadan\u00eda salga a votar 3 de 3 en la elecci\u00f3n, para que los candidatos del PRI ganen y juntos trabajen en favor de Oaxaca.<\/p>\n\n\n\n<p>\u201cEn la capital va a ganar Javier Villaca\u00f1a y Laura Vignon\u201d, enfatiz\u00f3.<\/p>\n\n\n\n<p>Entre las acciones que To\u00f1o y Mariana impulsar\u00e1n desde San L\u00e1zaro ser\u00e1 el fortalecimiento al presupuesto dirigido al sector turismo para relanzar el Programa de Pueblos M\u00e1gicos y crear el Consejo de Promoci\u00f3n para el Turismo Sustentable, que promocionar\u00e1 las bellezas naturales del pa\u00eds y el cuidado al medio ambiente.<\/p>\n\n\n\n<p>Cabe resaltar que durante el encuentro tambi\u00e9n estuvieron presentes los candidatos a presidente municipal, Javier Villaca\u00f1a y a diputadas locales, Laura Vignon Carre\u00f1o, Mariana Ben\u00edtez Tiburcio y Andr\u00e9s Alc\u00e1ntara Silva.<\/p>\n","protected":false},"excerpt":{"rendered":"<p>Redacci\u00f3n\/Zona Roja. Oaxaca de Ju\u00e1rez, Oax., 28 de mayo de 2021.- El abanderado de la&hellip;<\/p>\n","protected":false},"author":2,"featured_media":27819,"comment_status":"closed","ping_status":"open","sticky":false,"template":"","format":"standard","meta":{"_lmt_disableupdate":"","_lmt_disable":"","_jetpack_memberships_contains_paid_content":false,"footnotes":""},"categories":[109,46],"tags":[2592],"class_list":["post-27818","post","type-post","status-publish","format-standard","has-post-thumbnail","hentry","category-minuto-a-minuto","category-zona-blanca","tag-jose-antonio-hernandez-fraguas"],"jetpack_featured_media_url":"https:\/\/zonaroja.com.mx\/wp-content\/uploads\/2021\/05\/Jose-Antonio-Hernandez-Fraguas-empresarios.jpg","jetpack_sharing_enabled":true,"_links":{"self":[{"href":"https:\/\/zonaroja.com.mx\/index.php?rest_route=\/wp\/v2\/posts\/27818","targetHints":{"allow":["GET"]}}],"collection":[{"href":"https:\/\/zonaroja.com.mx\/index.php?rest_route=\/wp\/v2\/posts"}],"about":[{"href":"https:\/\/zonaroja.com.mx\/index.php?rest_route=\/wp\/v2\/types\/post"}],"author":[{"embeddable":true,"href":"https:\/\/zonaroja.com.mx\/index.php?rest_route=\/wp\/v2\/users\/2"}],"replies":[{"embeddable":true,"href":"https:\/\/zonaroja.com.mx\/index.php?rest_route=%2Fwp%2Fv2%2Fcomments&post=27818"}],"version-history":[{"count":1,"href":"https:\/\/zonaroja.com.mx\/index.php?rest_route=\/wp\/v2\/posts\/27818\/revisions"}],"predecessor-version":[{"id":27820,"href":"https:\/\/zonaroja.com.mx\/index.php?rest_route=\/wp\/v2\/posts\/27818\/revisions\/27820"}],"wp:featuredmedia":[{"embeddable":true,"href":"https:\/\/zonaroja.com.mx\/index.php?rest_route=\/wp\/v2\/media\/27819"}],"wp:attachment":[{"href":"https:\/\/zonaroja.com.mx\/index.php?rest_route=%2Fwp%2Fv2%2Fmedia&parent=27818"}],"wp:term":[{"taxonomy":"category","embeddable":true,"href":"https:\/\/zonaroja.com.mx\/index.php?rest_route=%2Fwp%2Fv2%2Fcategories&post=27818"},{"taxonomy":"post_tag","embeddable":true,"href":"https:\/\/zonaroja.com.mx\/index.php?rest_route=%2Fwp%2Fv2%2Ftags&post=27818"}],"curies":[{"name":"wp","href":"https:\/\/api.w.org\/{rel}","templated":true}]}}