{"id":27821,"date":"2021-05-28T07:49:50","date_gmt":"2021-05-28T12:49:50","guid":{"rendered":"http:\/\/www.zonaroja.com.mx\/?p=27821"},"modified":"2021-05-28T07:49:54","modified_gmt":"2021-05-28T12:49:54","slug":"piden-en-legislativo-a-gobernador-recular-y-privilegiar-paridad-en-designacion-de-magistrados","status":"publish","type":"post","link":"https:\/\/zonaroja.com.mx\/?p=27821","title":{"rendered":"Piden en Legislativo a gobernador recular y privilegiar paridad en designaci\u00f3n de magistrados"},"content":{"rendered":"\n<p>Redacci\u00f3n\/Zona Roja.<\/p>\n\n\n\n<p>Oaxaca de Ju\u00e1rez, Oax., 28 de mayo de 2021.- Tras la designaci\u00f3n de Mois\u00e9s Molina Reyes y Abraham Soriano Reyes como magistrados del Tribunal Superior de Justicia, y la suspensi\u00f3n de ello tras una designaci\u00f3n, el diputado local C\u00e9sar Morales Ni\u00f1o pidi\u00f3 al gobernador Alejandro Murat recular en esos nombramientos y privilegia la paridad de g\u00e9nero.<\/p>\n\n\n\n<p>Este mi\u00e9rcoles, en la sesi\u00f3n de la Diputaci\u00f3n Permanente, present\u00f3 un Punto de Acuerdo en que critic\u00f3 que \u201csin la m\u00ednima prudencia pol\u00edtica, sin el menor decoro y respeto a la lucha hist\u00f3rica de las mujeres, que reclaman el acceso en condiciones de igualdad y paridad al ejercicio de los cargos p\u00fablicos\u201d, se design\u00f3 a dos varones para ocupar las magistraturas vacantes.<\/p>\n\n\n\n<p>Ello a pesar de que en la actual integraci\u00f3n de dicho Tribunal, hay un n\u00famero excesivo de hombres, lo que representa una enorme desigualdad frente a las mujeres.<\/p>\n\n\n\n<p>\u201cEl gobernador tuvo la oportunidad hist\u00f3rica de empezar a equilibrar el n\u00famero de hombres y mujeres que integran el Tribunal Superior de Justicia, sin embargo, pudo m\u00e1s el amiguismo y la necedad pol\u00edtica para seguir impidiendo el acceso de las mujeres a los espacios p\u00fablicos de toma de decisiones\u201d, refiri\u00f3 en tribuna.<\/p>\n\n\n\n<p>A\u00f1adi\u00f3 que la lucha de las mujeres aun contin\u00faa y el Poder Judicial de la Federaci\u00f3n tiene la oportunidad de corregir el error hist\u00f3rico del gobernador.<\/p>\n\n\n\n<p>Detall\u00f3 que una aspirante debidamente registrada en el procedimiento de designaci\u00f3n, present\u00f3 un Juicio de Amparo, mismo que fue radicado con el n\u00famero de expediente 591\/2021 y admitido a tr\u00e1mite en el Juzgado Decimoprimero de Distrito en el Estado de Oaxaca.<\/p>\n\n\n\n<p>En dicho Juicio fue concedida la suspensi\u00f3n provisional, para el efecto de que: 1. Se suspendan las funciones en el cargo de Magistrados del Tribunal Superior de Justicia a Mois\u00e9s Molina Reyes y a Abraham Soriano Reyes, y 2. Se designe a las personas que ocupen de manera provisional el cargo de Magistrados del Tribunal Superior de Justicia del Estado de Oaxaca.<\/p>\n\n\n\n<figure class=\"wp-block-embed-twitter wp-block-embed is-type-rich is-provider-twitter\"><div class=\"wp-block-embed__wrapper\">\n<div class=\"twitter-tweet\"><blockquote class=\"twitter-tweet\" data-lang=\"es\"><p lang=\"es\" dir=\"ltr\">En tribuna ayer, el legislador <a href=\"https:\/\/twitter.com\/cesarmoralesn?ref_src=twsrc%5Etfw\">@cesarmoralesn<\/a> demand\u00f3 al titular del Ejecutivo equilibrar el n\u00famero de hombres y mujeres en el Poder Judicial de Oaxaca, tras la designaci\u00f3n de dos varones como magistrados; le exigi\u00f3 recular y priorizar la paridad en los nombramientos. <a href=\"https:\/\/t.co\/6mBi8LEcQR\">pic.twitter.com\/6mBi8LEcQR<\/a><\/p>&mdash; Zona Roja Oaxaca (@Zona_Roja_Oax) <a href=\"https:\/\/twitter.com\/Zona_Roja_Oax\/status\/1398053921835335682?ref_src=twsrc%5Etfw\">27 de mayo de 2021<\/a><\/blockquote><\/div>\n<\/div><\/figure>\n\n\n\n<p>Algunos de los argumentos que present\u00f3 la parte interesada para demandar el amparo y protecci\u00f3n de la Justicia Federal fueron: la discriminaci\u00f3n hacia su persona al no ser designada como magistrada del Tribunal Superior de Justicia del Estado; la violaci\u00f3n del principio de paridad de g\u00e9nero en la designaci\u00f3n de los Magistrados; la violaci\u00f3n al derecho humano de ejercer cargos p\u00fablicos en condiciones de igualdad y dentro de los t\u00e9rminos fijados en las leyes.<\/p>\n\n\n\n<p>\u201cAhora con la nueva circunstancia jur\u00eddica derivada del amparo interpuesto, es necesario que el gobernador, asuma una actitud humilde, reconozca su error y vuelva a revisar las designaciones realizadas\u201d, manifest\u00f3 Morales Ni\u00f1o.<\/p>\n\n\n\n<p>Por ello, present\u00f3 un Punto de Acuerdo mediante el cual plantea que la Legislatura local exhorte al Gobernador del Estado, para que dentro del marco de sus facultades, revise el nombramiento de los ciudadanos Mois\u00e9s Molina Reyes y Abraham Soriano Reyes, como magistrados y, en su caso, determine dejarlos sin efectos, por violaci\u00f3n grave al principio constitucional de paridad en todo.<\/p>\n\n\n\n<p>Asimismo, debe considerarse que las mencionadas designaciones de magistraturas se encuentran impugnadas mediante un juicio de amparo, y que el Juzgado D\u00e9cimo Primero de Distrito, concedi\u00f3 la suspensi\u00f3n provisional por la presunta violaci\u00f3n a derechos humanos de las mujeres.<\/p>\n\n\n\n<p>\u201cEste punto de acuerdo es un reconocimiento a la lucha de las mujeres, y es un acto de denuncia pol\u00edtica para evitar que se sigan cometiendo actos de discriminaci\u00f3n y que ya no se siga excluyendo a las mujeres de los espacios p\u00fablicos\u201d, remarc\u00f3.<\/p>\n","protected":false},"excerpt":{"rendered":"<p>Redacci\u00f3n\/Zona Roja. Oaxaca de Ju\u00e1rez, Oax., 28 de mayo de 2021.- Tras la designaci\u00f3n de&hellip;<\/p>\n","protected":false},"author":2,"featured_media":27822,"comment_status":"closed","ping_status":"open","sticky":false,"template":"","format":"standard","meta":{"_lmt_disableupdate":"","_lmt_disable":"","_jetpack_memberships_contains_paid_content":false,"footnotes":""},"categories":[109,46],"tags":[612],"class_list":["post-27821","post","type-post","status-publish","format-standard","has-post-thumbnail","hentry","category-minuto-a-minuto","category-zona-blanca","tag-cesar-morales-nino"],"jetpack_featured_media_url":"https:\/\/zonaroja.com.mx\/wp-content\/uploads\/2021\/05\/Cesar-Morales.jpg","jetpack_sharing_enabled":true,"_links":{"self":[{"href":"https:\/\/zonaroja.com.mx\/index.php?rest_route=\/wp\/v2\/posts\/27821","targetHints":{"allow":["GET"]}}],"collection":[{"href":"https:\/\/zonaroja.com.mx\/index.php?rest_route=\/wp\/v2\/posts"}],"about":[{"href":"https:\/\/zonaroja.com.mx\/index.php?rest_route=\/wp\/v2\/types\/post"}],"author":[{"embeddable":true,"href":"https:\/\/zonaroja.com.mx\/index.php?rest_route=\/wp\/v2\/users\/2"}],"replies":[{"embeddable":true,"href":"https:\/\/zonaroja.com.mx\/index.php?rest_route=%2Fwp%2Fv2%2Fcomments&post=27821"}],"version-history":[{"count":1,"href":"https:\/\/zonaroja.com.mx\/index.php?rest_route=\/wp\/v2\/posts\/27821\/revisions"}],"predecessor-version":[{"id":27823,"href":"https:\/\/zonaroja.com.mx\/index.php?rest_route=\/wp\/v2\/posts\/27821\/revisions\/27823"}],"wp:featuredmedia":[{"embeddable":true,"href":"https:\/\/zonaroja.com.mx\/index.php?rest_route=\/wp\/v2\/media\/27822"}],"wp:attachment":[{"href":"https:\/\/zonaroja.com.mx\/index.php?rest_route=%2Fwp%2Fv2%2Fmedia&parent=27821"}],"wp:term":[{"taxonomy":"category","embeddable":true,"href":"https:\/\/zonaroja.com.mx\/index.php?rest_route=%2Fwp%2Fv2%2Fcategories&post=27821"},{"taxonomy":"post_tag","embeddable":true,"href":"https:\/\/zonaroja.com.mx\/index.php?rest_route=%2Fwp%2Fv2%2Ftags&post=27821"}],"curies":[{"name":"wp","href":"https:\/\/api.w.org\/{rel}","templated":true}]}}