{"id":27824,"date":"2021-05-28T08:05:17","date_gmt":"2021-05-28T13:05:17","guid":{"rendered":"http:\/\/www.zonaroja.com.mx\/?p=27824"},"modified":"2021-05-28T08:05:20","modified_gmt":"2021-05-28T13:05:20","slug":"dos-meses-de-desaparicion-de-claudia-uruchurtu-y-nada-se-sabe-de-ella","status":"publish","type":"post","link":"https:\/\/zonaroja.com.mx\/?p=27824","title":{"rendered":"Dos meses de desaparici\u00f3n de Claudia Uruchurtu y nada se sabe de ella"},"content":{"rendered":"\n<p>Redacci\u00f3n\/Estado 20.<\/p>\n\n\n\n<p>Oaxaca de Ju\u00e1rez, Oax., 28 de mayo de 2021.- Este 26 de mayo se cumplieron dos meses de la desaparici\u00f3n forzada de Claudia Uruchurtu Cruz. El 26 de marzo, la activista sali\u00f3 de su hogar en Nochixtl\u00e1n, Oaxaca, para participar en una manifestaci\u00f3n contra las autoridades locales y desde entonces no se sabe nada de ella.<\/p>\n\n\n\n<p>De acuerdo con la carpeta de investigaci\u00f3n, Uruchurtu Cruz document\u00f3 y denunci\u00f3 la presunta malversaci\u00f3n de fondos municipales, el nepotismo, los abusos de poder de las autoridades de Asunci\u00f3n Nochixtl\u00e1n, municipio ubicado en la Mixteca de Oaxaca .<\/p>\n\n\n\n<p>Claudia, una mujer de 48 a\u00f1os de edad, madre de familia, con hermanas nacionalidad mexicana y brit\u00e1nica, sigue sin aparecer pese a los operativos de b\u00fasqueda que han emprendido las autoridades internacionales, nacionales y locales en Oaxaca.<\/p>\n\n\n\n<p>Por este caso, hay tres personas detenidas, entre ellas la presidenta municipal de Nochixtl\u00e1n emanada de Morena, Lizbeth Victoria Huerta. Elizabeth Uruchurtu y dos de sus colaboradores municipales.<\/p>\n\n\n\n<p>\u201cClaudia sigue sin ser localizada, la pesadilla no termina. Demandamos verdad y justicia\u201d, expusieron en redes sociales las hermanas de la v\u00edctima desaparecida.<\/p>\n\n\n\n<p>Claudia Uruchurtu llevaba ya varios a\u00f1os denunciando los desfalcos, el desv\u00edo de recursos y los abusos de poder en esa comunidad de la regi\u00f3n mixteca de Oaxaca, donde seis de cada 10 habitantes viven en situaci\u00f3n de pobreza o pobreza extrema, seg\u00fan datos oficiales.<\/p>\n\n\n\n<p>\u201cElla dec\u00eda que no pod\u00eda ser posible que se le robara a los m\u00e1s pobres de los pobres\u201d, se\u00f1ala su hermana. La prioridad de la familia Uruchurtu Cruz, es dar con el paradero de Claudia.<\/p>\n\n\n\n<p>Hasta el momento, la Fiscal\u00eda General del Estado no ha informado si contin\u00faan los operativos de b\u00fasqueda, el \u00faltimo de ellos realizado hace dos semanas.<\/p>\n","protected":false},"excerpt":{"rendered":"<p>Redacci\u00f3n\/Estado 20. Oaxaca de Ju\u00e1rez, Oax., 28 de mayo de 2021.- Este 26 de mayo&hellip;<\/p>\n","protected":false},"author":2,"featured_media":27305,"comment_status":"closed","ping_status":"open","sticky":false,"template":"","format":"standard","meta":{"_lmt_disableupdate":"","_lmt_disable":"","_jetpack_memberships_contains_paid_content":false,"footnotes":""},"categories":[109,47],"tags":[2582],"class_list":["post-27824","post","type-post","status-publish","format-standard","has-post-thumbnail","hentry","category-minuto-a-minuto","category-zona-gris","tag-claudia-uruchurtu-cruz"],"jetpack_featured_media_url":"https:\/\/zonaroja.com.mx\/wp-content\/uploads\/2021\/05\/Hermanas-de-Claudia-Uruchurtu.jpg","jetpack_sharing_enabled":true,"_links":{"self":[{"href":"https:\/\/zonaroja.com.mx\/index.php?rest_route=\/wp\/v2\/posts\/27824","targetHints":{"allow":["GET"]}}],"collection":[{"href":"https:\/\/zonaroja.com.mx\/index.php?rest_route=\/wp\/v2\/posts"}],"about":[{"href":"https:\/\/zonaroja.com.mx\/index.php?rest_route=\/wp\/v2\/types\/post"}],"author":[{"embeddable":true,"href":"https:\/\/zonaroja.com.mx\/index.php?rest_route=\/wp\/v2\/users\/2"}],"replies":[{"embeddable":true,"href":"https:\/\/zonaroja.com.mx\/index.php?rest_route=%2Fwp%2Fv2%2Fcomments&post=27824"}],"version-history":[{"count":1,"href":"https:\/\/zonaroja.com.mx\/index.php?rest_route=\/wp\/v2\/posts\/27824\/revisions"}],"predecessor-version":[{"id":27825,"href":"https:\/\/zonaroja.com.mx\/index.php?rest_route=\/wp\/v2\/posts\/27824\/revisions\/27825"}],"wp:featuredmedia":[{"embeddable":true,"href":"https:\/\/zonaroja.com.mx\/index.php?rest_route=\/wp\/v2\/media\/27305"}],"wp:attachment":[{"href":"https:\/\/zonaroja.com.mx\/index.php?rest_route=%2Fwp%2Fv2%2Fmedia&parent=27824"}],"wp:term":[{"taxonomy":"category","embeddable":true,"href":"https:\/\/zonaroja.com.mx\/index.php?rest_route=%2Fwp%2Fv2%2Fcategories&post=27824"},{"taxonomy":"post_tag","embeddable":true,"href":"https:\/\/zonaroja.com.mx\/index.php?rest_route=%2Fwp%2Fv2%2Ftags&post=27824"}],"curies":[{"name":"wp","href":"https:\/\/api.w.org\/{rel}","templated":true}]}}