{"id":27829,"date":"2021-05-28T08:17:06","date_gmt":"2021-05-28T13:17:06","guid":{"rendered":"http:\/\/www.zonaroja.com.mx\/?p=27829"},"modified":"2021-05-28T08:17:10","modified_gmt":"2021-05-28T13:17:10","slug":"amlo-falso-mesias-de-mexico-la-portada-de-the-economist-de-la-que-todo-mundo-hablara","status":"publish","type":"post","link":"https:\/\/zonaroja.com.mx\/?p=27829","title":{"rendered":"AMLO, \u2018falso Mes\u00edas de M\u00e9xico\u2019: La portada de The Economist de la que todo mundo hablar\u00e1"},"content":{"rendered":"\n<p>Redacci\u00f3n\/Zona Roja Cdmx.<\/p>\n\n\n\n<p>Ciudad de M\u00e9xico, 28 de mayo de 2021.- El presidente Andr\u00e9s Manuel L\u00f3pez Obrador representa un riesgo para la democracia en M\u00e9xico, que se dirige el pr\u00f3ximo mes a elecciones, afirm\u00f3 la revista The Economist.<\/p>\n\n\n\n<p>El medio ingl\u00e9s public\u00f3 la que ser\u00e1 la portada del pr\u00f3ximo jueves, en la que aparece el titular del Ejecutivo escoltado por las Fuerzas Armadas e instalaciones de Petr\u00f3leos Mexicanos, una instituci\u00f3n y empresa que han recibido un fuerte impulso bajo la presente administraci\u00f3n.<\/p>\n\n\n\n<p>\u201cL\u00f3pez Obrador divide a los mexicanos en dos grupos: \u2018el pueblo\u2019, con lo que se refiere a quienes lo apoyan, y \u2018la \u00e9lite\u2019, a la que denuncia, a menudo por su nombre, como delincuentes y traidores a los que culpa de todos los problemas de M\u00e9xico\u201d, apunta.<\/p>\n\n\n\n<p>El medio tambi\u00e9n cuestiona la autenticidad de la defensa de la democracia que el presidente asegura representar, pues cuando se plantean objeciones a sus proyectos estrella, convoca a consultas.<\/p>\n\n\n\n<p>\u201cElige un peque\u00f1o electorado que sabe que se pondr\u00e1 de su lado. Cuando lo hace, declara que la gente ha hablado. Incluso ha pedido un refer\u00e9ndum nacional sobre si enjuiciar a cinco de los seis expresidentes de M\u00e9xico por corrupci\u00f3n\u201d, comenta.<\/p>\n\n\n\n<p>The Economist tambi\u00e9n destaca la incertidumbre que se vive dentro del sector empresarial por las pol\u00edticas del mandatario, as\u00ed como la intenci\u00f3n ya expresa de L\u00f3pez Obrador de reformar o incluso eliminar los organismos aut\u00f3nomos del pa\u00eds, incluyendo el Instituto Nacional Electoral, que no ha dejado de ser blanco de sus cr\u00edticas.<\/p>\n\n\n\n<p>\u201cLos pr\u00f3ximos tres a\u00f1os (refiri\u00e9ndose a lo que queda de su sexenio) determinar\u00e1n la profundidad y duraci\u00f3n del da\u00f1o que hace a M\u00e9xico y su democracia. Tiene prohibido buscar la reelecci\u00f3n, pero est\u00e1 tratando ilegalmente de extender el mandato de un juez amistoso de la Corte Suprema\u201d, agrega The Economist al refererirse a la llamada \u2018Ley Zald\u00edvar\u2019.<\/p>\n\n\n\n<p>El medio subraya que si bien la situaci\u00f3n econ\u00f3mica de M\u00e9xico no ha mejorado bajo el mandato de L\u00f3pez Obrador, este a\u00fan cuenta con 61 por ciento de aprobaci\u00f3n entre las y los mexicanos.<\/p>\n\n\n\n<p>\u201cLas instituciones de M\u00e9xico son fuertes, pero pueden ceder ante el asalto sostenido de un fan\u00e1tico con apoyo popular\u201d, advierte.<\/p>\n\n\n\n<p>Por ello, el medio remarca que los partidos de oposici\u00f3n deben trabajar juntos para frenar a L\u00f3pez Obrador, aunque reconoce que esas mismas formaciones son las culpables del fuerte apoyo mostrado hacia el presidente.<\/p>\n\n\n\n<p>\u201cLos partidos hicieron un pobre trabajo en cuanto a ayudar a aquellos que fueron olvidados durante el largo boom que sigui\u00f3 a la liberaci\u00f3n de la econom\u00eda en la d\u00e9cada de los ochenta\u201d, agrega.<\/p>\n\n\n\n<p>LA RESPUESTA<\/p>\n\n\n\n<p>El Gobierno mexicano respondi\u00f3 formalmente a la revista brit\u00e1nica The Economist, que en su nueva edici\u00f3n calific\u00f3 al presidente Andr\u00e9s Manuel L\u00f3pez Obrador como un \u201cfalso mes\u00edas\u201d.<\/p>\n\n\n\n<p>En una carta enviada al editor de dicha revista, el canciller Marcelo Ebrard acus\u00f3 a la publicaci\u00f3n de ser insensible y no entender a L\u00f3pez Obrador y su proyecto de naci\u00f3n, el cual prioriza a los sectores de la poblaci\u00f3n m\u00e1s marginados.<\/p>\n\n\n\n<p>Asimismo, el funcionario federal se\u00f1al\u00f3 que la publicaci\u00f3n The Economist tiene el objetivo de influir en las elecciones mexicanas, que se llevar\u00e1n a cabo el pr\u00f3ximo 6 de junio.<\/p>\n\n\n\n<p>\u201cEl editor internacional de The Economist no fue sensible a uno solo de los argumentos. Por el contrario a unos d\u00edas de los comicios en los que \u2018los mexicanos elegiremos libremente a nuestros representantes, su medio publica un par de art\u00edculos en los que se invita a \u2018votar en contra del presidente y su Partido. La opini\u00f3n y el llamado sorprenden, no por la posici\u00f3n ideol\u00f3gica de su medio, sino por su virulencia y fragilidad argumentativa\u201d, recrimina la misiva.<\/p>\n\n\n\n<p>(Informaci\u00f3n de \u201cEl Financiero\u201d)<\/p>\n","protected":false},"excerpt":{"rendered":"<p>Redacci\u00f3n\/Zona Roja Cdmx. Ciudad de M\u00e9xico, 28 de mayo de 2021.- El presidente Andr\u00e9s Manuel&hellip;<\/p>\n","protected":false},"author":2,"featured_media":27830,"comment_status":"closed","ping_status":"open","sticky":false,"template":"","format":"standard","meta":{"_lmt_disableupdate":"","_lmt_disable":"","_jetpack_memberships_contains_paid_content":false,"footnotes":""},"categories":[109,47],"tags":[2713],"class_list":["post-27829","post","type-post","status-publish","format-standard","has-post-thumbnail","hentry","category-minuto-a-minuto","category-zona-gris","tag-the-economist"],"jetpack_featured_media_url":"https:\/\/zonaroja.com.mx\/wp-content\/uploads\/2021\/05\/Portada-The-Economist.jpg","jetpack_sharing_enabled":true,"_links":{"self":[{"href":"https:\/\/zonaroja.com.mx\/index.php?rest_route=\/wp\/v2\/posts\/27829","targetHints":{"allow":["GET"]}}],"collection":[{"href":"https:\/\/zonaroja.com.mx\/index.php?rest_route=\/wp\/v2\/posts"}],"about":[{"href":"https:\/\/zonaroja.com.mx\/index.php?rest_route=\/wp\/v2\/types\/post"}],"author":[{"embeddable":true,"href":"https:\/\/zonaroja.com.mx\/index.php?rest_route=\/wp\/v2\/users\/2"}],"replies":[{"embeddable":true,"href":"https:\/\/zonaroja.com.mx\/index.php?rest_route=%2Fwp%2Fv2%2Fcomments&post=27829"}],"version-history":[{"count":1,"href":"https:\/\/zonaroja.com.mx\/index.php?rest_route=\/wp\/v2\/posts\/27829\/revisions"}],"predecessor-version":[{"id":27831,"href":"https:\/\/zonaroja.com.mx\/index.php?rest_route=\/wp\/v2\/posts\/27829\/revisions\/27831"}],"wp:featuredmedia":[{"embeddable":true,"href":"https:\/\/zonaroja.com.mx\/index.php?rest_route=\/wp\/v2\/media\/27830"}],"wp:attachment":[{"href":"https:\/\/zonaroja.com.mx\/index.php?rest_route=%2Fwp%2Fv2%2Fmedia&parent=27829"}],"wp:term":[{"taxonomy":"category","embeddable":true,"href":"https:\/\/zonaroja.com.mx\/index.php?rest_route=%2Fwp%2Fv2%2Fcategories&post=27829"},{"taxonomy":"post_tag","embeddable":true,"href":"https:\/\/zonaroja.com.mx\/index.php?rest_route=%2Fwp%2Fv2%2Ftags&post=27829"}],"curies":[{"name":"wp","href":"https:\/\/api.w.org\/{rel}","templated":true}]}}