{"id":2783,"date":"2019-08-03T07:10:05","date_gmt":"2019-08-03T12:10:05","guid":{"rendered":"http:\/\/www.zonaroja.com.mx\/?p=2783"},"modified":"2019-08-03T08:36:12","modified_gmt":"2019-08-03T13:36:12","slug":"asesinan-a-tres-periodistas-en-mexico-en-menos-de-una-semana","status":"publish","type":"post","link":"https:\/\/zonaroja.com.mx\/?p=2783","title":{"rendered":"Asesinan a tres periodistas en M\u00e9xico en menos de una semana"},"content":{"rendered":"\n<p>Redacci\u00f3n\/Zona\nRoja M\u00e9xico.<\/p>\n\n\n\n<p>Oaxaca de\nJu\u00e1rez, Oax., 3 de agosto de 2019.- Tres periodistas han sido asesinados en una\nsemana en la Rep\u00fablica Mexicana.<\/p>\n\n\n\n<p>El m\u00e1s\nreciente caso ocurri\u00f3 alrededor de las 21:00 horas de este viernes en la\ncomunidad de Bocanita, municipio de Actopan, en el estado de Veracruz, donde\nfue ultimado a balazos el reportero del diario \u201cGr\u00e1fico de Xalapa\u201d.<\/p>\n\n\n\n<p>Seg\u00fan\ninformes preliminares, anteriormente ya hab\u00eda sufrido un ataque a balazos en su\ndomicilio, adem\u00e1s de ser amenazado de muerte en tres ocasiones.<\/p>\n\n\n\n<p>Mientras\ntanto, tambi\u00e9n este viernes, Edgar Alberto Nava L\u00f3pez, reportero y\nadministrador de la p\u00e1gina \u201cLa Verdad de Zihuatanejo\u201d, fue asesinado por\ndisparos de armas de fuego.<\/p>\n\n\n\n<p>El crimen\ndel tambi\u00e9n director de Reglamentos del ayuntamiento de esa localidad se\nregistr\u00f3 a las 10:00 horas, frente a la bah\u00eda principal de Chilpancingo, luego\nde haber clausurado un curso de verano infantil organizado por el gobierno\nmunicipal.<\/p>\n\n\n\n<p>En un comunicado de la Fiscal\u00eda General del Estado (FGE), se refiri\u00f3 que Nava L\u00f3pez recibi\u00f3 un disparo, y en el lugar de los hechos se embal\u00f3 un casquillo calibre .9 mil\u00edmetros.<\/p>\n\n\n\n<p>De acuerdo\ncon la agencia Proceso, el crimen se perpetr\u00f3 un d\u00eda despu\u00e9s de que un grupo de\nreporteros present\u00f3 una denuncia ante la FGE, luego de recibir amenazas por\nsupuestamente ocultar informaci\u00f3n relacionada con la ola de violencia que se\nvive en Ixtapa Zihuatanejo.<\/p>\n\n\n\n<p>El pasado 30 de julio, Rogelio Barrag\u00e1n, director de \u201cGuerrero al Instante\u201d, fue encontrado muerto y con huellas de tortura dentro de un veh\u00edculo abandonado en Zacatepec, Morelos, luego de su desaparici\u00f3n en el estado de Guerrero.<\/p>\n\n\n\n<p>Por otra parte, el jueves tambi\u00e9n se report\u00f3 la detenci\u00f3n arbitraria del periodista Humberto Padgett, en Tec\u00e1mac, Estado de M\u00e9xico, por parte de la Polic\u00eda Militar de la Secretar\u00eda de la Defensa Nacional.<\/p>\n\n\n\n<figure class=\"wp-block-embed-twitter wp-block-embed is-type-rich is-provider-twitter\"><div class=\"wp-block-embed__wrapper\">\n<div class=\"twitter-tweet\"><blockquote class=\"twitter-tweet\" data-lang=\"es\"><p lang=\"es\" dir=\"ltr\">\u26a0\ufe0f <a href=\"https:\/\/twitter.com\/hashtag\/ALERTA?src=hash&amp;ref_src=twsrc%5Etfw\">#ALERTA<\/a>: Este martes, el periodista Rogelio Barrag\u00e1n, director de Guerrero al Instante, fue hallado sin vida en el municipio de Zacatepec, Morelos. Es el s\u00e9ptimo periodista asesinado en el a\u00f1o, en posible relaci\u00f3n con su labor period\u00edstica.<a href=\"https:\/\/t.co\/AFZlrxCMyK\">https:\/\/t.co\/AFZlrxCMyK<\/a> <a href=\"https:\/\/t.co\/hI1bPuYjHS\">pic.twitter.com\/hI1bPuYjHS<\/a><\/p>&mdash; ARTICLE 19 MX-CA (@article19mex) <a href=\"https:\/\/twitter.com\/article19mex\/status\/1156905067196420096?ref_src=twsrc%5Etfw\">1 de agosto de 2019<\/a><\/blockquote><\/div>\n<\/div><\/figure>\n","protected":false},"excerpt":{"rendered":"<p>Redacci\u00f3n\/Zona Roja M\u00e9xico. Oaxaca de Ju\u00e1rez, Oax., 3 de agosto de 2019.- Tres periodistas han&hellip;<\/p>\n","protected":false},"author":2,"featured_media":2786,"comment_status":"closed","ping_status":"open","sticky":false,"template":"","format":"standard","meta":{"_lmt_disableupdate":"","_lmt_disable":"","_jetpack_memberships_contains_paid_content":false,"footnotes":""},"categories":[109,51],"tags":[463],"class_list":["post-2783","post","type-post","status-publish","format-standard","has-post-thumbnail","hentry","category-minuto-a-minuto","category-zona-roja","tag-tres-periodistas-asesinados-en-una-semana-en-mexico"],"jetpack_featured_media_url":"https:\/\/zonaroja.com.mx\/wp-content\/uploads\/2019\/08\/prensa-8.jpg","jetpack_sharing_enabled":true,"_links":{"self":[{"href":"https:\/\/zonaroja.com.mx\/index.php?rest_route=\/wp\/v2\/posts\/2783","targetHints":{"allow":["GET"]}}],"collection":[{"href":"https:\/\/zonaroja.com.mx\/index.php?rest_route=\/wp\/v2\/posts"}],"about":[{"href":"https:\/\/zonaroja.com.mx\/index.php?rest_route=\/wp\/v2\/types\/post"}],"author":[{"embeddable":true,"href":"https:\/\/zonaroja.com.mx\/index.php?rest_route=\/wp\/v2\/users\/2"}],"replies":[{"embeddable":true,"href":"https:\/\/zonaroja.com.mx\/index.php?rest_route=%2Fwp%2Fv2%2Fcomments&post=2783"}],"version-history":[{"count":2,"href":"https:\/\/zonaroja.com.mx\/index.php?rest_route=\/wp\/v2\/posts\/2783\/revisions"}],"predecessor-version":[{"id":2787,"href":"https:\/\/zonaroja.com.mx\/index.php?rest_route=\/wp\/v2\/posts\/2783\/revisions\/2787"}],"wp:featuredmedia":[{"embeddable":true,"href":"https:\/\/zonaroja.com.mx\/index.php?rest_route=\/wp\/v2\/media\/2786"}],"wp:attachment":[{"href":"https:\/\/zonaroja.com.mx\/index.php?rest_route=%2Fwp%2Fv2%2Fmedia&parent=2783"}],"wp:term":[{"taxonomy":"category","embeddable":true,"href":"https:\/\/zonaroja.com.mx\/index.php?rest_route=%2Fwp%2Fv2%2Fcategories&post=2783"},{"taxonomy":"post_tag","embeddable":true,"href":"https:\/\/zonaroja.com.mx\/index.php?rest_route=%2Fwp%2Fv2%2Ftags&post=2783"}],"curies":[{"name":"wp","href":"https:\/\/api.w.org\/{rel}","templated":true}]}}